{"id":2869,"date":"2024-09-16T15:00:25","date_gmt":"2024-09-16T13:00:25","guid":{"rendered":"https:\/\/www.pkfeyerabend.org\/?p=2869"},"modified":"2024-10-01T15:32:39","modified_gmt":"2024-10-01T13:32:39","slug":"quatre-communautes-de-la-republique-centra-africaine-renforcent-leur-solidarite-et-cohesion-sociale-en-consolidant-les-liens-avec-le-territoire-de-vie-quelles-partagent-et-en-cherchant-a-mie","status":"publish","type":"post","link":"https:\/\/www.pkfeyerabend.org\/es\/2024\/09\/16\/quatre-communautes-de-la-republique-centra-africaine-renforcent-leur-solidarite-et-cohesion-sociale-en-consolidant-les-liens-avec-le-territoire-de-vie-quelles-partagent-et-en-cherchant-a-mie\/","title":{"rendered":"Cuatro comunidades de la Rep\u00fablica Centroafricana refuerzan su solidaridad y cohesi\u00f3n social consolidando sus v\u00ednculos con el territorio de vida que comparten y tratan de defenderse m\u00e1s eficazmente de las amenazas externas"},"content":{"rendered":"<p>Esta iniciativa pretende reforzar la cohesi\u00f3n social y la solidaridad entre cuatro comunidades del noreste del Parque Nacional de Dzanga-Sangha, en la Rep\u00fablica Centroafricana. Las aldeas de Beya, Bel\u00e9mbok\u00e9, Panzi y Sced est\u00e1n situadas en la prefectura de Sangha-M&#8217;ba\u00e9r\u00e9 y en la comuna de Nola y Salo, en el suroeste de la Rep\u00fablica Centroafricana y al norte del Parque Nacional de Dzanga-Ndoki. Todos los pueblos est\u00e1n habitados por aut\u00f3ctonos baaka y por bogongo y gbanou. Las cuatro comunidades viven juntas desde hace mucho tiempo, compartiendo los mismos bosques y r\u00edos de los que dependen para su subsistencia\/autoabastecimiento y su salud. Esta estrecha interacci\u00f3n ha definido los valores culturales de las comunidades y ha dado forma a su organizaci\u00f3n social, generando sus \u2018conocimientos tradicionales\u2019 sobre el medio ambiente y una profunda comprensi\u00f3n del funcionamiento de los ecosistemas.<\/p>\n<p>Sin embargo, la llegada y establecimiento de empresas madereras en la zona ha degradado r\u00e1pidamente el bosque y atra\u00eddo a muchos buscadores de empleo de toda la regi\u00f3n. Esta situaci\u00f3n, agravada por la llegada de empresas mineras, ha contribuido notablemente al empobrecimiento de la zona y a la creaci\u00f3n de conflictos intercomunitarios, frenando las pr\u00e1cticas tradicionales y perturbando la solidaridad tradicional y la armon\u00eda social. Para esta iniciativa, la Fundaci\u00f3n Feyerabend colabora con la asociaci\u00f3n Ndima-Kali -que re\u00fane a j\u00f3venes ind\u00edgenas baAka de la zona- para facilitar una iniciativa local que siga la metodolog\u00eda de autorrefuerzo propuesta por el Consorcio APAC.\u00a0 Ndima-Kali ayudar\u00e1 a las comunidades de las cuatro aldeas a cartografiar y documentar su \u2018territorio de vida compartido\u2019, para que lo comprendan y aprecien mejor. Esto tambi\u00e9n fomentar\u00e1 su autoconciencia como \u2018custodios\u2019 del territorio y les fortalecer\u00e1 frente a las crecientes agresiones externas.<\/p>\n<p>Durante el primer a\u00f1o de la iniciativa, las cuatro comunidades seguir\u00e1n procesos paralelos, pero tambi\u00e9n celebrar\u00e1n al menos dos importantes reuniones conjuntas en las que los representantes de las cuatro comunidades compartir\u00e1n los resultados de sus inventarios, elaborar\u00e1n y aprobar\u00e1n conjuntamente el mapa de su territorio de vida, consolidar\u00e1n las l\u00edneas generales de las normas de uso de los distintos tipos de recursos naturales (por ejemplo, pesca, caza, ra\u00edces, madera, etc.) y acordar\u00e1n un sistema com\u00fan de vigilancia. Esto incluir\u00e1 tambi\u00e9n un sistema acordado de gesti\u00f3n de conflictos entre las cuatro comunidades, que entrar\u00e1 en juego cuando sea necesario. La gesti\u00f3n de los conflictos intra e intercomunitarios mediante m\u00e9todos tradicionales y solidarios reafirmados pretende facilitar el conocimiento, la valoraci\u00f3n y la defensa del patrimonio cultural local.\u00a0 En los cuatro pueblos se colocar\u00e1n copias del mapa del territorio de vida, en el que se indicar\u00e1n claramente las normas de uso que deben seguirse y el sistema de seguimiento y gesti\u00f3n de conflictos. Los mapas y reglas e compartir\u00e1n tambi\u00e9n con los operadores forestales y mineros.<\/p>\n<p>Con la cofinanciaci\u00f3n solicitada a otros socios, la asociaci\u00f3n Ndima-Kali tambi\u00e9n espera apoyar la autosuficiencia alimentaria de las cuatros comunidades mejorando su producci\u00f3n agr\u00edcola, dando prioridad a la caza no comercial y aumentando la recolecci\u00f3n de productos forestales no madereros para uso comercial. Tambi\u00e9n quiere conducir a las comunidades hacia una gesti\u00f3n m\u00e1s sostenible de la biodiversidad forestal y pesquera mediante m\u00e9todos tradicionales mejor documentados y una menor explotaci\u00f3n de los recursos gracias a una mejor aplicaci\u00f3n de las reglas de uso.<\/p>\n<p>\n\t\t\t<div id='gallery-2869-3' class='gallery gallery-2869'>\n\t\t\t\t<div class='gallery-row gallery-col-3 gallery-clear'>\n\t\t\t\t\t<figure class='gallery-item col-3'>\n\t\t\t\t\t\t<div class='gallery-icon '><a href='https:\/\/www.pkfeyerabend.org\/wp-content\/uploads\/2024\/09\/S1780001.jpg'><img width=\"150\" height=\"150\" src=\"https:\/\/www.pkfeyerabend.org\/wp-content\/uploads\/2024\/09\/S1780001-150x150.jpg\" class=\"attachment-thumbnail size-thumbnail\" alt=\"\" decoding=\"async\" loading=\"lazy\" \/><\/a><\/div>\n\t\t\t\t\t<\/figure>\n\t\t\t\t\t<figure class='gallery-item col-3'>\n\t\t\t\t\t\t<div class='gallery-icon '><a href='https:\/\/www.pkfeyerabend.org\/wp-content\/uploads\/2024\/09\/Rituel-Communautaire.jpg'><img width=\"150\" height=\"150\" src=\"https:\/\/www.pkfeyerabend.org\/wp-content\/uploads\/2024\/09\/Rituel-Communautaire-150x150.jpg\" class=\"attachment-thumbnail size-thumbnail\" alt=\"\" decoding=\"async\" loading=\"lazy\" \/><\/a><\/div>\n\t\t\t\t\t<\/figure>\n\t\t\t\t\t<figure class='gallery-item col-3'>\n\t\t\t\t\t\t<div class='gallery-icon '><a href='https:\/\/www.pkfeyerabend.org\/wp-content\/uploads\/2024\/09\/main-picture-RCA.jpg'><img width=\"150\" height=\"150\" src=\"https:\/\/www.pkfeyerabend.org\/wp-content\/uploads\/2024\/09\/main-picture-RCA-150x150.jpg\" class=\"attachment-thumbnail size-thumbnail\" alt=\"\" decoding=\"async\" loading=\"lazy\" \/><\/a><\/div>\n\t\t\t\t\t<\/figure>\n\t\t\t\t<\/div>\n\t\t\t<\/div><!-- .gallery -->\n<\/p>","protected":false},"excerpt":{"rendered":"<p>Esta iniciativa pretende reforzar la cohesi\u00f3n social y la solidaridad entre cuatro comunidades del noreste del Parque Nacional de Dzanga-Sangha, en la Rep\u00fablica Centroafricana. Las aldeas de Beya, Bel\u00e9mbok\u00e9, Panzi y Sced est\u00e1n situadas en la prefectura de Sangha-M&#8217;ba\u00e9r\u00e9 y&#8230;<\/p>\n","protected":false},"author":1,"featured_media":2870,"comment_status":"closed","ping_status":"closed","sticky":false,"template":"","format":"standard","meta":[],"categories":[54],"tags":[],"_links":{"self":[{"href":"https:\/\/www.pkfeyerabend.org\/es\/wp-json\/wp\/v2\/posts\/2869"}],"collection":[{"href":"https:\/\/www.pkfeyerabend.org\/es\/wp-json\/wp\/v2\/posts"}],"about":[{"href":"https:\/\/www.pkfeyerabend.org\/es\/wp-json\/wp\/v2\/types\/post"}],"author":[{"embeddable":true,"href":"https:\/\/www.pkfeyerabend.org\/es\/wp-json\/wp\/v2\/users\/1"}],"replies":[{"embeddable":true,"href":"https:\/\/www.pkfeyerabend.org\/es\/wp-json\/wp\/v2\/comments?post=2869"}],"version-history":[{"count":2,"href":"https:\/\/www.pkfeyerabend.org\/es\/wp-json\/wp\/v2\/posts\/2869\/revisions"}],"predecessor-version":[{"id":2874,"href":"https:\/\/www.pkfeyerabend.org\/es\/wp-json\/wp\/v2\/posts\/2869\/revisions\/2874"}],"wp:featuredmedia":[{"embeddable":true,"href":"https:\/\/www.pkfeyerabend.org\/es\/wp-json\/wp\/v2\/media\/2870"}],"wp:attachment":[{"href":"https:\/\/www.pkfeyerabend.org\/es\/wp-json\/wp\/v2\/media?parent=2869"}],"wp:term":[{"taxonomy":"category","embeddable":true,"href":"https:\/\/www.pkfeyerabend.org\/es\/wp-json\/wp\/v2\/categories?post=2869"},{"taxonomy":"post_tag","embeddable":true,"href":"https:\/\/www.pkfeyerabend.org\/es\/wp-json\/wp\/v2\/tags?post=2869"}],"curies":[{"name":"wp","href":"https:\/\/api.w.org\/{rel}","templated":true}]}}