{"id":288,"date":"2013-05-12T22:05:02","date_gmt":"2013-05-12T20:05:02","guid":{"rendered":"https:\/\/pkfeyerabend.org\/?p=288"},"modified":"2021-08-03T11:16:30","modified_gmt":"2021-08-03T09:16:30","slug":"droits-et-identite-pour-les-rois-de-la-foret-dans-le-nilgiri-inde","status":"publish","type":"post","link":"https:\/\/www.pkfeyerabend.org\/es\/2013\/05\/12\/droits-et-identite-pour-les-rois-de-la-foret-dans-le-nilgiri-inde\/","title":{"rendered":"Derechos para los \u00abreyes de la selva\u00bb en el Nilgiri (India)"},"content":{"rendered":"<p><strong>Asistencia a Comunidades tribales para organizar, reivindicar sus derechos y mejorar sus medios de subsistencia en una regi\u00f3n monta\u00f1osa de bosques<\/strong> (implementado por la Mujer para el Desarrollo Sostenible, Vivasaigal Thozhilalargal Munnetra Sangam y\u00a0Erumad\u00a0adivasi Kurumba Munnetra Sangam; Cordone Nominador Antonella) asistencia a Comunidades tribales para organizar, reivindicar sus derechos y mejorar sus medios de subsistencia en una regi\u00f3n monta\u00f1osa de bosques (implementado por la Mujer para el Desarrollo Sostenible, Vivasaigal Thozhilalargal Munnetra Sangam y\u00a0Erumad\u00a0adivasi Kurumba Munnetra Sangam; Cordone Nominador Antonella)<\/p>\n<p>La iniciativa tiene como objetivo promover el acceso y el uso equitativo de los recursos naturales de las comunidades ind\u00edgenas de la Reserva de Biosfera Nilgiri. Los Nilgiri (literalmente Monta\u00f1as Azules) est\u00e1n situados en la confluencia de los tres estados de Tamil Nadu, Kerala y Karnataka. En 1986, la UNESCO los acepto como primera reserva de biosfera en la India. Los productos forestales no maderables (PFNM) desempe\u00f1an un papel importante en los medios de vida tradicionales de las comunidades tribales y, en particular, de los Kattunaickans (los \u201creyes del bosque\u201d) que viven en la zona de amortiguamiento del Parque Nacional Mudumalai. Esto pueblo utiliza los productos forestales para diversos fines tales como la vivienda, la le\u00f1a, la medicina y la alimentaci\u00f3n. Proteger los medios de vida de las comunidades que dependen de los bosques y conservar la biodiversidad requiere la buena gobernanza y la gesti\u00f3n sostenible de los recursos forestales. En esto sentido, el principal desaf\u00edo que enfrentan los Kattunaickans es garantizar la seguridad territorial y el reconocimiento legal de sus derechos colectivos de propiedad, uso y control de la tierra y de los recursos ancestrales.<\/p>\n<p>Los Kattunaickans y otros grupos tribales de la zona est\u00e1n atrapados entre el Santuario Mudumalai &#8211; una zona de conservaci\u00f3n del tigre en el cual sus derechos forestales consuetudinarios han sido erosionados &#8211; y la tierra de las grandes compa\u00f1\u00edas de producci\u00f3n de t\u00e9. La iniciativa los apoyar\u00e1 para planificar, ejecutar y gestionar su propio proceso de desarrollo y para negociar con las autoridades pertinentes hacia su propio gobierno de sus tierras ancestrales, de los bosques y de la biodiversidad.\u00a0 Las actividades se centrar\u00e1n en sus preocupaciones sobre las tierras forestales y el acceso a los recursos naturales, con especial atenci\u00f3n a las cuestiones jur\u00eddicas e institucionales. Con el fin de mejorar su vida de manera durable, la iniciativa tambi\u00e9n se propone incrementar la productividad de la tierra para la agricultura y las oportunidades de mercado para los productos recogidos en el bosque. Se espera tambi\u00e9n que la iniciativa contribuir\u00e1 a la identificaci\u00f3n, el mapeo y la demarcaci\u00f3n del territorio de los Kattunaickans (posiblemente incluyendo un \u00e1rea de conservaci\u00f3n comunitaria) y promover el conocimiento ecol\u00f3gico local y los valores culturales de las comunidades ind\u00edgenas quienes dependen de los bosques (por ejemplo, a trav\u00e9s de la reactivaci\u00f3n de un festival tradicional en una de las \u00e1reas sagradas que se encuentran en sus bosques).<\/p>\n<p>\n\t\t\t<div id='gallery-288-3' class='gallery gallery-288'>\n\t\t\t\t<div class='gallery-row gallery-col-3 gallery-clear'>\n\t\t\t\t\t<figure class='gallery-item col-3'>\n\t\t\t\t\t\t<div class='gallery-icon '><a href='https:\/\/www.pkfeyerabend.org\/wp-content\/uploads\/2013\/05\/Women-processing-rice.jpg'><img width=\"150\" height=\"150\" src=\"https:\/\/www.pkfeyerabend.org\/wp-content\/uploads\/2013\/05\/Women-processing-rice-150x150.jpg\" class=\"attachment-thumbnail size-thumbnail\" alt=\"\" decoding=\"async\" loading=\"lazy\" \/><\/a><\/div>\n\t\t\t\t\t<\/figure>\n\t\t\t\t\t<figure class='gallery-item col-3'>\n\t\t\t\t\t\t<div class='gallery-icon '><a href='https:\/\/www.pkfeyerabend.org\/wp-content\/uploads\/2013\/05\/Some-of-mulakkadu-community.jpg'><img width=\"150\" height=\"150\" src=\"https:\/\/www.pkfeyerabend.org\/wp-content\/uploads\/2013\/05\/Some-of-mulakkadu-community-150x150.jpg\" class=\"attachment-thumbnail size-thumbnail\" alt=\"\" decoding=\"async\" loading=\"lazy\" \/><\/a><\/div>\n\t\t\t\t\t<\/figure>\n\t\t\t\t\t<figure class='gallery-item col-3'>\n\t\t\t\t\t\t<div class='gallery-icon '><a href='https:\/\/www.pkfeyerabend.org\/wp-content\/uploads\/2013\/05\/Mulakkadu.jpg'><img width=\"150\" height=\"150\" src=\"https:\/\/www.pkfeyerabend.org\/wp-content\/uploads\/2013\/05\/Mulakkadu-150x150.jpg\" class=\"attachment-thumbnail size-thumbnail\" alt=\"\" decoding=\"async\" loading=\"lazy\" \/><\/a><\/div>\n\t\t\t\t\t<\/figure>\n\t\t\t\t<\/div>\n\t\t\t\t<div class='gallery-row gallery-col-3 gallery-clear'>\n\t\t\t\t\t<figure class='gallery-item col-3'>\n\t\t\t\t\t\t<div class='gallery-icon '><a href='https:\/\/www.pkfeyerabend.org\/wp-content\/uploads\/2013\/05\/meeting-with-some-adivasi-leaders.jpg'><img width=\"150\" height=\"150\" src=\"https:\/\/www.pkfeyerabend.org\/wp-content\/uploads\/2013\/05\/meeting-with-some-adivasi-leaders-150x150.jpg\" class=\"attachment-thumbnail size-thumbnail\" alt=\"\" decoding=\"async\" loading=\"lazy\" \/><\/a><\/div>\n\t\t\t\t\t<\/figure>\n\t\t\t\t\t<figure class='gallery-item col-3'>\n\t\t\t\t\t\t<div class='gallery-icon '><a href='https:\/\/www.pkfeyerabend.org\/wp-content\/uploads\/2013\/05\/firewood-collection2.jpg'><img width=\"150\" height=\"150\" src=\"https:\/\/www.pkfeyerabend.org\/wp-content\/uploads\/2013\/05\/firewood-collection2-150x150.jpg\" class=\"attachment-thumbnail size-thumbnail\" alt=\"\" decoding=\"async\" loading=\"lazy\" \/><\/a><\/div>\n\t\t\t\t\t<\/figure>\n\t\t\t\t\t<figure class='gallery-item col-3'>\n\t\t\t\t\t\t<div class='gallery-icon '><a href='https:\/\/www.pkfeyerabend.org\/wp-content\/uploads\/2013\/05\/firewood-collection1.jpg'><img width=\"150\" height=\"150\" src=\"https:\/\/www.pkfeyerabend.org\/wp-content\/uploads\/2013\/05\/firewood-collection1-150x150.jpg\" class=\"attachment-thumbnail size-thumbnail\" alt=\"\" decoding=\"async\" loading=\"lazy\" \/><\/a><\/div>\n\t\t\t\t\t<\/figure>\n\t\t\t\t<\/div>\n\t\t\t<\/div><!-- .gallery -->\n<\/p>","protected":false},"excerpt":{"rendered":"<p>Asistencia a Comunidades tribales para organizar, reivindicar sus derechos y mejorar sus medios de subsistencia en una regi\u00f3n monta\u00f1osa de bosques (implementado por la Mujer para el Desarrollo Sostenible, Vivasaigal Thozhilalargal Munnetra Sangam y\u00a0Erumad\u00a0adivasi Kurumba Munnetra Sangam; Cordone Nominador Antonella)&#8230;<\/p>\n","protected":false},"author":1,"featured_media":590,"comment_status":"open","ping_status":"open","sticky":false,"template":"","format":"standard","meta":[],"categories":[19,47],"tags":[],"_links":{"self":[{"href":"https:\/\/www.pkfeyerabend.org\/es\/wp-json\/wp\/v2\/posts\/288"}],"collection":[{"href":"https:\/\/www.pkfeyerabend.org\/es\/wp-json\/wp\/v2\/posts"}],"about":[{"href":"https:\/\/www.pkfeyerabend.org\/es\/wp-json\/wp\/v2\/types\/post"}],"author":[{"embeddable":true,"href":"https:\/\/www.pkfeyerabend.org\/es\/wp-json\/wp\/v2\/users\/1"}],"replies":[{"embeddable":true,"href":"https:\/\/www.pkfeyerabend.org\/es\/wp-json\/wp\/v2\/comments?post=288"}],"version-history":[{"count":5,"href":"https:\/\/www.pkfeyerabend.org\/es\/wp-json\/wp\/v2\/posts\/288\/revisions"}],"predecessor-version":[{"id":717,"href":"https:\/\/www.pkfeyerabend.org\/es\/wp-json\/wp\/v2\/posts\/288\/revisions\/717"}],"wp:featuredmedia":[{"embeddable":true,"href":"https:\/\/www.pkfeyerabend.org\/es\/wp-json\/wp\/v2\/media\/590"}],"wp:attachment":[{"href":"https:\/\/www.pkfeyerabend.org\/es\/wp-json\/wp\/v2\/media?parent=288"}],"wp:term":[{"taxonomy":"category","embeddable":true,"href":"https:\/\/www.pkfeyerabend.org\/es\/wp-json\/wp\/v2\/categories?post=288"},{"taxonomy":"post_tag","embeddable":true,"href":"https:\/\/www.pkfeyerabend.org\/es\/wp-json\/wp\/v2\/tags?post=288"}],"curies":[{"name":"wp","href":"https:\/\/api.w.org\/{rel}","templated":true}]}}