{"id":293,"date":"2013-05-12T22:08:21","date_gmt":"2013-05-12T20:08:21","guid":{"rendered":"https:\/\/pkfeyerabend.org\/?p=293"},"modified":"2021-08-03T11:16:52","modified_gmt":"2021-08-03T09:16:52","slug":"paix-justice-et-moyens-dexistence-a-la-frontiere-conflictuelle-entre-la-colombie-et-lequateur","status":"publish","type":"post","link":"https:\/\/www.pkfeyerabend.org\/es\/2013\/05\/12\/paix-justice-et-moyens-dexistence-a-la-frontiere-conflictuelle-entre-la-colombie-et-lequateur\/","title":{"rendered":"Paz, justicia y medios de vida entre Colombia y Ecuador"},"content":{"rendered":"<p><strong>Apoyo a una red franciscana en su trabajo para amar, defender y involucrar los m\u00e1s pobres en el fortalecimiento de sus derechos y en el mejoramiento de su vida<\/strong> (aplicado por\u00a0Movimiento Franciscano por la Paz; Nominador: Jael Mercedes Duarte)<\/p>\n<p>Este proyecto se ubica a la frontera entre Colombia y Ecuador (departamentos de Nari\u00f1o, Putumayo, Carchi et Imbabura), en un territorio poblado por campesinos y pueblos ind\u00edgenas (Pastos, Aw\u00e1, Ingas y Kams\u00e1). Durante los \u00faltimos 20 a\u00f1os, el Movimiento Franciscano para la Paz ha ayudado a algunos de estos pueblos para revitalizar su propia organizaci\u00f3n y cultura, asociando objetivos ambientales, espirituales y de desarrollo. Peque\u00f1os grupos organizados localmente hacen vivir espacios de intercambio y aprendizaje, tanto de valores ancestrales y espiritualidad franciscana como de medios de producci\u00f3n sanos, alimentaci\u00f3n, medicina natural y artesan\u00eda local. Solamente un estilo de vida tan radicalmente diferente parece capaz de oponerse y resistir a la cultura de la violencia, del hambre, del trafico de droga y de muerte que invade la regi\u00f3n. <\/p>\n<p>La teolog\u00eda de la liberaci\u00f3n y la espiritualidad franciscana incentivan a la gente a dirigirse hacia semejante proyecto de vida, cruzando espiritualidad y amor de la paz con objetivos de producci\u00f3n sanos y duraderos (agro-ecolog\u00eda, artesan\u00eda), una conciencia cr\u00edtica y la defensa de los derechos humanos (an\u00e1lisis y seguimiento gracias a un observatorio de derechos humanos), formas alternativas de organizaci\u00f3n y de resistencia y el desarrollo de una econom\u00eda solidaria gracias al proyecto de una caja de ahorros y cr\u00e9ditos seg\u00fan el modelos ecuatoriano del Jard\u00edn Azuayo. Todos estos elementos ser\u00e1n apoyados por el proyecto mediante una serie de reuniones, visitas de intercambio y actividades de capacitaci\u00f3n, y por un peque\u00f1o fondo b\u00e1sico para la caja de ahorros y cr\u00e9ditos.<\/p>\n<p>\n\t\t\t<div id='gallery-293-3' class='gallery gallery-293'>\n\t\t\t\t<div class='gallery-row gallery-col-3 gallery-clear'>\n\t\t\t\t\t<figure class='gallery-item col-3'>\n\t\t\t\t\t\t<div class='gallery-icon '><a href='https:\/\/www.pkfeyerabend.org\/wp-content\/uploads\/2013\/05\/mofrapaz-celebracio\u0301n.jpg'><img width=\"150\" height=\"150\" src=\"https:\/\/www.pkfeyerabend.org\/wp-content\/uploads\/2013\/05\/mofrapaz-celebracio\u0301n-150x150.jpg\" class=\"attachment-thumbnail size-thumbnail\" alt=\"\" decoding=\"async\" loading=\"lazy\" \/><\/a><\/div>\n\t\t\t\t\t<\/figure>\n\t\t\t\t\t<figure class='gallery-item col-3'>\n\t\t\t\t\t\t<div class='gallery-icon '><a href='https:\/\/www.pkfeyerabend.org\/wp-content\/uploads\/2013\/05\/el-achotal-17.jpg'><img width=\"150\" height=\"150\" src=\"https:\/\/www.pkfeyerabend.org\/wp-content\/uploads\/2013\/05\/el-achotal-17-150x150.jpg\" class=\"attachment-thumbnail size-thumbnail\" alt=\"\" decoding=\"async\" loading=\"lazy\" \/><\/a><\/div>\n\t\t\t\t\t<\/figure>\n\t\t\t\t\t<figure class='gallery-item col-3'>\n\t\t\t\t\t\t<div class='gallery-icon '><a href='https:\/\/www.pkfeyerabend.org\/wp-content\/uploads\/2013\/05\/DSCN1302.jpg'><img width=\"150\" height=\"150\" src=\"https:\/\/www.pkfeyerabend.org\/wp-content\/uploads\/2013\/05\/DSCN1302-150x150.jpg\" class=\"attachment-thumbnail size-thumbnail\" alt=\"\" decoding=\"async\" loading=\"lazy\" \/><\/a><\/div>\n\t\t\t\t\t<\/figure>\n\t\t\t\t<\/div>\n\t\t\t\t<div class='gallery-row gallery-col-3 gallery-clear'>\n\t\t\t\t\t<figure class='gallery-item col-3'>\n\t\t\t\t\t\t<div class='gallery-icon '><a href='https:\/\/www.pkfeyerabend.org\/wp-content\/uploads\/2013\/05\/DSCF0322.jpg'><img width=\"150\" height=\"150\" src=\"https:\/\/www.pkfeyerabend.org\/wp-content\/uploads\/2013\/05\/DSCF0322-150x150.jpg\" class=\"attachment-thumbnail size-thumbnail\" alt=\"\" decoding=\"async\" loading=\"lazy\" \/><\/a><\/div>\n\t\t\t\t\t<\/figure>\n\t\t\t\t\t<figure class='gallery-item col-3'>\n\t\t\t\t\t\t<div class='gallery-icon '><a href='https:\/\/www.pkfeyerabend.org\/wp-content\/uploads\/2013\/05\/100_0270.jpg'><img width=\"150\" height=\"150\" src=\"https:\/\/www.pkfeyerabend.org\/wp-content\/uploads\/2013\/05\/100_0270-150x150.jpg\" class=\"attachment-thumbnail size-thumbnail\" alt=\"\" decoding=\"async\" loading=\"lazy\" \/><\/a><\/div>\n\t\t\t\t\t<\/figure>\n\t\t\t\t\t<figure class='gallery-item col-3'>\n\t\t\t\t\t\t<div class='gallery-icon '><a href='https:\/\/www.pkfeyerabend.org\/wp-content\/uploads\/2013\/05\/100_0265.jpg'><img width=\"150\" height=\"150\" src=\"https:\/\/www.pkfeyerabend.org\/wp-content\/uploads\/2013\/05\/100_0265-150x150.jpg\" class=\"attachment-thumbnail size-thumbnail\" alt=\"\" decoding=\"async\" loading=\"lazy\" \/><\/a><\/div>\n\t\t\t\t\t<\/figure>\n\t\t\t\t<\/div>\n\t\t\t\t<div class='gallery-row gallery-col-3 gallery-clear'>\n\t\t\t\t\t<figure class='gallery-item col-3'>\n\t\t\t\t\t\t<div class='gallery-icon '><a href='https:\/\/www.pkfeyerabend.org\/wp-content\/uploads\/2013\/05\/100_0215.jpg'><img width=\"150\" height=\"150\" src=\"https:\/\/www.pkfeyerabend.org\/wp-content\/uploads\/2013\/05\/100_0215-150x150.jpg\" class=\"attachment-thumbnail size-thumbnail\" alt=\"\" decoding=\"async\" loading=\"lazy\" \/><\/a><\/div>\n\t\t\t\t\t<\/figure>\n\t\t\t\t\t<figure class='gallery-item col-3'>\n\t\t\t\t\t\t<div class='gallery-icon '><a href='https:\/\/www.pkfeyerabend.org\/wp-content\/uploads\/2013\/05\/22.jpg'><img width=\"150\" height=\"150\" src=\"https:\/\/www.pkfeyerabend.org\/wp-content\/uploads\/2013\/05\/22-150x150.jpg\" class=\"attachment-thumbnail size-thumbnail\" alt=\"\" decoding=\"async\" loading=\"lazy\" \/><\/a><\/div>\n\t\t\t\t\t<\/figure>\n\t\t\t<\/div>\n\t\t\t<\/div><!-- .gallery -->\n<\/p>","protected":false},"excerpt":{"rendered":"<p>Apoyo a una red franciscana en su trabajo para amar, defender y involucrar los m\u00e1s pobres en el fortalecimiento de sus derechos y en el mejoramiento de su vida (aplicado por\u00a0Movimiento Franciscano por la Paz; Nominador: Jael Mercedes Duarte) Este&#8230;<\/p>\n","protected":false},"author":2,"featured_media":607,"comment_status":"open","ping_status":"open","sticky":false,"template":"","format":"standard","meta":[],"categories":[19,47],"tags":[],"_links":{"self":[{"href":"https:\/\/www.pkfeyerabend.org\/es\/wp-json\/wp\/v2\/posts\/293"}],"collection":[{"href":"https:\/\/www.pkfeyerabend.org\/es\/wp-json\/wp\/v2\/posts"}],"about":[{"href":"https:\/\/www.pkfeyerabend.org\/es\/wp-json\/wp\/v2\/types\/post"}],"author":[{"embeddable":true,"href":"https:\/\/www.pkfeyerabend.org\/es\/wp-json\/wp\/v2\/users\/2"}],"replies":[{"embeddable":true,"href":"https:\/\/www.pkfeyerabend.org\/es\/wp-json\/wp\/v2\/comments?post=293"}],"version-history":[{"count":3,"href":"https:\/\/www.pkfeyerabend.org\/es\/wp-json\/wp\/v2\/posts\/293\/revisions"}],"predecessor-version":[{"id":689,"href":"https:\/\/www.pkfeyerabend.org\/es\/wp-json\/wp\/v2\/posts\/293\/revisions\/689"}],"wp:featuredmedia":[{"embeddable":true,"href":"https:\/\/www.pkfeyerabend.org\/es\/wp-json\/wp\/v2\/media\/607"}],"wp:attachment":[{"href":"https:\/\/www.pkfeyerabend.org\/es\/wp-json\/wp\/v2\/media?parent=293"}],"wp:term":[{"taxonomy":"category","embeddable":true,"href":"https:\/\/www.pkfeyerabend.org\/es\/wp-json\/wp\/v2\/categories?post=293"},{"taxonomy":"post_tag","embeddable":true,"href":"https:\/\/www.pkfeyerabend.org\/es\/wp-json\/wp\/v2\/tags?post=293"}],"curies":[{"name":"wp","href":"https:\/\/api.w.org\/{rel}","templated":true}]}}