{"id":337,"date":"2013-05-20T21:51:37","date_gmt":"2013-05-20T19:51:37","guid":{"rendered":"https:\/\/pkfeyerabend.org\/?p=337"},"modified":"2021-08-03T11:12:23","modified_gmt":"2021-08-03T09:12:23","slug":"le-comite-populaire-de-bilin-laureat-ex-aequo-du-prix-paul-k-feyerabend-2011","status":"publish","type":"post","link":"https:\/\/www.pkfeyerabend.org\/es\/2013\/05\/20\/le-comite-populaire-de-bilin-laureat-ex-aequo-du-prix-paul-k-feyerabend-2011\/","title":{"rendered":"El Comit\u00e9 Popular de Bil&#8217;in: una lucha pac\u00edfica y ejemplar contra \u00abel muro\u00bb en Palestina"},"content":{"rendered":"<p>Bill\u2019in es un pueblo de Palestina que quiere continuar existiendo, que lucha para salvaguardar su tierra, sus olivos, sus recursos, su libertad. Al anexionarse cerca del 60% de las tierras de Bill\u2019in para construir all\u00ed el muro de la separaci\u00f3n, el Estado de Israel asfixia al pueblo, lo destruye cada d\u00eda un poco m\u00e1s encerrando a sus habitantes en un prisi\u00f3n a cielo abierto.<\/p>\n<p>Con el fin de luchar contra el muro, el pueblo al completo desde hace seis a\u00f1os lleva una lucha pac\u00edfica ejemplar. Ha surgido una organizaci\u00f3n que coordina y dirige la lucha, el Comit\u00e9 Popular de Bill\u2019in ( Bilin Popular Comittee against the Wall). Cada viernes toda la poblaci\u00f3n participa &#8212; \u00a1desde hace 6 a\u00f1os! &#8212; en una manifestaci\u00f3n ante el muro, a pesar de una feroz represi\u00f3n. De hecho, cada viernes, el ej\u00e9rcito israelita tira granadas lacrim\u00f3genas (o algo peor) as\u00ed como balas de caucho, sobre los manifestantes pac\u00edficos que se contentan con gritar slogans y cantar. Este a\u00f1o, dos personas han muerto y muchos m\u00e1s han resultado heridas.<\/p>\n<p>A su vez, el Comit\u00e9 popular lleva a cabo una lucha encarnizada en el frente jur\u00eddico donde ya ha obtenido algunos resultados (desplazamiento m\u00ednimo del muro). Los j\u00f3venes del pueblo est\u00e1n muy unidos y, adem\u00e1s de la preparaci\u00f3n semanal de las manifestaciones (banderolas, pancartas\u2026) est\u00e1n siempre en el frente. Son ellos los que con mayor frecuencia son heridos y arrestados. Tambi\u00e9n participan en tareas de inter\u00e9s general, como la limpieza del pueblo.<\/p>\n<p>Por otro lado, Bill\u2019in se ha convertido en un s\u00edmbolo nacional e internacional de la resistencia pac\u00edfica de los Palestinos frente a la opresi\u00f3n israel\u00ed, y otros pueblos lo han seguido y llevan desde ahora el mismo tipo de acci\u00f3n.<\/p>\n<p>\n\t\t\t<div id='gallery-337-3' class='gallery gallery-337'>\n\t\t\t\t<div class='gallery-row gallery-col-3 gallery-clear'>\n\t\t\t\t\t<figure class='gallery-item col-3'>\n\t\t\t\t\t\t<div class='gallery-icon '><a href='https:\/\/www.pkfeyerabend.org\/wp-content\/uploads\/2013\/05\/MUR.jpg'><img width=\"150\" height=\"150\" src=\"https:\/\/www.pkfeyerabend.org\/wp-content\/uploads\/2013\/05\/MUR-150x150.jpg\" class=\"attachment-thumbnail size-thumbnail\" alt=\"\" decoding=\"async\" loading=\"lazy\" \/><\/a><\/div>\n\t\t\t\t\t<\/figure>\n\t\t\t\t\t<figure class='gallery-item col-3'>\n\t\t\t\t\t\t<div class='gallery-icon '><a href='https:\/\/www.pkfeyerabend.org\/wp-content\/uploads\/2013\/05\/Iyad-3.jpg'><img width=\"150\" height=\"150\" src=\"https:\/\/www.pkfeyerabend.org\/wp-content\/uploads\/2013\/05\/Iyad-3-150x150.jpg\" class=\"attachment-thumbnail size-thumbnail\" alt=\"\" decoding=\"async\" loading=\"lazy\" \/><\/a><\/div>\n\t\t\t\t\t<\/figure>\n\t\t\t\t\t<figure class='gallery-item col-3'>\n\t\t\t\t\t\t<div class='gallery-icon '><a href='https:\/\/www.pkfeyerabend.org\/wp-content\/uploads\/2013\/05\/DSCF9379.jpg'><img width=\"150\" height=\"150\" src=\"https:\/\/www.pkfeyerabend.org\/wp-content\/uploads\/2013\/05\/DSCF9379-150x150.jpg\" class=\"attachment-thumbnail size-thumbnail\" alt=\"\" decoding=\"async\" loading=\"lazy\" \/><\/a><\/div>\n\t\t\t\t\t<\/figure>\n\t\t\t\t<\/div>\n\t\t\t\t<div class='gallery-row gallery-col-3 gallery-clear'>\n\t\t\t\t\t<figure class='gallery-item col-3'>\n\t\t\t\t\t\t<div class='gallery-icon '><a href='https:\/\/www.pkfeyerabend.org\/wp-content\/uploads\/2013\/05\/DSCF9371.jpg'><img width=\"150\" height=\"150\" src=\"https:\/\/www.pkfeyerabend.org\/wp-content\/uploads\/2013\/05\/DSCF9371-150x150.jpg\" class=\"attachment-thumbnail size-thumbnail\" alt=\"\" decoding=\"async\" loading=\"lazy\" \/><\/a><\/div>\n\t\t\t\t\t<\/figure>\n\t\t\t\t\t<figure class='gallery-item col-3'>\n\t\t\t\t\t\t<div class='gallery-icon '><a href='https:\/\/www.pkfeyerabend.org\/wp-content\/uploads\/2013\/05\/Conf-internationale-avril-12.jpg'><img width=\"150\" height=\"150\" src=\"https:\/\/www.pkfeyerabend.org\/wp-content\/uploads\/2013\/05\/Conf-internationale-avril-12-150x150.jpg\" class=\"attachment-thumbnail size-thumbnail\" alt=\"\" decoding=\"async\" loading=\"lazy\" \/><\/a><\/div>\n\t\t\t\t\t<\/figure>\n\t\t\t\t\t<figure class='gallery-item col-3'>\n\t\t\t\t\t\t<div class='gallery-icon '><a href='https:\/\/www.pkfeyerabend.org\/wp-content\/uploads\/2013\/05\/Iyad-Burnat.jpg'><img width=\"150\" height=\"150\" src=\"https:\/\/www.pkfeyerabend.org\/wp-content\/uploads\/2013\/05\/Iyad-Burnat-150x150.jpg\" class=\"attachment-thumbnail size-thumbnail\" alt=\"\" decoding=\"async\" loading=\"lazy\" \/><\/a><\/div>\n\t\t\t\t\t<\/figure>\n\t\t\t\t<\/div>\n\t\t\t\t<div class='gallery-row gallery-col-3 gallery-clear'>\n\t\t\t\t\t<figure class='gallery-item col-3'>\n\t\t\t\t\t\t<div class='gallery-icon '><a href='https:\/\/www.pkfeyerabend.org\/wp-content\/uploads\/2013\/05\/Manif-13.04.12.jpg'><img width=\"150\" height=\"150\" src=\"https:\/\/www.pkfeyerabend.org\/wp-content\/uploads\/2013\/05\/Manif-13.04.12-150x150.jpg\" class=\"attachment-thumbnail size-thumbnail\" alt=\"\" decoding=\"async\" loading=\"lazy\" \/><\/a><\/div>\n\t\t\t\t\t<\/figure>\n\t\t\t\t\t<figure class='gallery-item col-3'>\n\t\t\t\t\t\t<div class='gallery-icon '><a href='https:\/\/www.pkfeyerabend.org\/wp-content\/uploads\/2013\/05\/Pre\u0301paration-manif-+-Iyad.jpg'><img width=\"150\" height=\"150\" src=\"https:\/\/www.pkfeyerabend.org\/wp-content\/uploads\/2013\/05\/Pre\u0301paration-manif-+-Iyad-150x150.jpg\" class=\"attachment-thumbnail size-thumbnail\" alt=\"\" decoding=\"async\" loading=\"lazy\" \/><\/a><\/div>\n\t\t\t\t\t<\/figure>\n\t\t\t<\/div>\n\t\t\t<\/div><!-- .gallery -->\n<\/p>","protected":false},"excerpt":{"rendered":"<p>Bill\u2019in es un pueblo de Palestina que quiere continuar existiendo, que lucha para salvaguardar su tierra, sus olivos, sus recursos, su libertad. Al anexionarse cerca del 60% de las tierras de Bill\u2019in para construir all\u00ed el muro de la separaci\u00f3n,&#8230;<\/p>\n","protected":false},"author":1,"featured_media":438,"comment_status":"open","ping_status":"open","sticky":false,"template":"","format":"standard","meta":[],"categories":[23,46],"tags":[],"_links":{"self":[{"href":"https:\/\/www.pkfeyerabend.org\/es\/wp-json\/wp\/v2\/posts\/337"}],"collection":[{"href":"https:\/\/www.pkfeyerabend.org\/es\/wp-json\/wp\/v2\/posts"}],"about":[{"href":"https:\/\/www.pkfeyerabend.org\/es\/wp-json\/wp\/v2\/types\/post"}],"author":[{"embeddable":true,"href":"https:\/\/www.pkfeyerabend.org\/es\/wp-json\/wp\/v2\/users\/1"}],"replies":[{"embeddable":true,"href":"https:\/\/www.pkfeyerabend.org\/es\/wp-json\/wp\/v2\/comments?post=337"}],"version-history":[{"count":15,"href":"https:\/\/www.pkfeyerabend.org\/es\/wp-json\/wp\/v2\/posts\/337\/revisions"}],"predecessor-version":[{"id":1824,"href":"https:\/\/www.pkfeyerabend.org\/es\/wp-json\/wp\/v2\/posts\/337\/revisions\/1824"}],"wp:featuredmedia":[{"embeddable":true,"href":"https:\/\/www.pkfeyerabend.org\/es\/wp-json\/wp\/v2\/media\/438"}],"wp:attachment":[{"href":"https:\/\/www.pkfeyerabend.org\/es\/wp-json\/wp\/v2\/media?parent=337"}],"wp:term":[{"taxonomy":"category","embeddable":true,"href":"https:\/\/www.pkfeyerabend.org\/es\/wp-json\/wp\/v2\/categories?post=337"},{"taxonomy":"post_tag","embeddable":true,"href":"https:\/\/www.pkfeyerabend.org\/es\/wp-json\/wp\/v2\/tags?post=337"}],"curies":[{"name":"wp","href":"https:\/\/api.w.org\/{rel}","templated":true}]}}