{"id":750,"date":"2013-06-20T21:55:57","date_gmt":"2013-06-20T19:55:57","guid":{"rendered":"https:\/\/pkfeyerabend.org\/?p=750"},"modified":"2021-09-03T13:52:37","modified_gmt":"2021-09-03T11:52:37","slug":"english-solidarity-and-joint-learning-and-action-among-indigenous-communities-resisting-oil-palm-monocultures-in-the-islands-of-palawan-and-mindanao-the-philippines","status":"publish","type":"post","link":"https:\/\/www.pkfeyerabend.org\/es\/2013\/06\/20\/english-solidarity-and-joint-learning-and-action-among-indigenous-communities-resisting-oil-palm-monocultures-in-the-islands-of-palawan-and-mindanao-the-philippines\/","title":{"rendered":"Solidaridad y conjunci\u00f3n de aprendizaje y acci\u00f3n entre las comunidades ind\u00edgenas resistentes a las monoculturas del aceite de palma en las islas de Palawan y Mindanao (Filipinas)"},"content":{"rendered":"<p>Con esta iniciativa la Fundaci\u00f3n apoya una b\u00fasqueda de mecanismos para hacer lo m\u00e1s fuerte posible la voz de las comunidades ind\u00edgenas afectadas (o, potencialmente afectadas) por la monocultura del aceite de palma en Palawan y Mindanao \u2013 dos grandes islas del archipi\u00e9lago de las Filipinas. El activista\/investigador que lleve a cabo la iniciativa, visitar\u00e1 unas cuantas  comunidades y les asesorar\u00e1 para que entiendan y compartan informaci\u00f3n mientras adquieren conocimiento \u00fatil y experticia. La idea es nutrir la solidaridad mediante la mutua comprensi\u00f3n y el apoyo rec\u00edproco en el aprendizaje. Por parte de las comunidades, mejorar\u00e1 la comprensi\u00f3n de las pol\u00edticas nacionales relevantes y de las declaraciones y tratados internacionales, y, algunos de sus miembros aprender\u00e1n como etiquetar geol\u00f3gicamente la informaci\u00f3n visual en las visitas de reconocimiento. Debido a esto, sus estrategias de defensa se convertir\u00e1n en mucho m\u00e1s efectivas.<\/p>\n<p>Hay, en Filipinas, pol\u00edticas de apoyo, c\u00f3digos de conducta y mecanismos, con que sustentar las luchas de los pueblos ind\u00edgenas contra la usurpaci\u00f3n, por parte de las corporaciones, de sus tierras y dominios ancestrales. Las cuales, sin embargo, hay que conocer a fondo para movilizarse. A las comunidades ind\u00edgenas afectadas o potencialmente afectadas por monoculturas del aceite de palma se les dar\u00e1n facilidades para intercambiar entre ellas y desarrollar una posici\u00f3n de consenso, la cual ser\u00e1 llevada por ellas a  niveles nacionales e internacionales, a instituciones y foros. Es de esperar que los intercambios sean estimulantes y creativos, generando lecciones que ser\u00e1n valiosas para los responsables pol\u00edticos y generadores de proyectos. El objetivo final es influir en los responsables pol\u00edticos filipinos, de modo que, las opiniones ind\u00edgenas, culturalmente espec\u00edficas, sean tomadas en consideraci\u00f3n por los que hacen la pol\u00edtica y por los que la reforman. La iniciativa, que se lleva a cabo en colaboraci\u00f3n con el Rainforest Rescue, fomentar\u00e1 una mejor comunicaci\u00f3n y colaboraci\u00f3n entre las comunidades ind\u00edgenas afectadas por las monoculturas del aceite de palma en la regi\u00f3n, y entre esas comunidades y los responsables y ejecutores de las pol\u00edticas que les afectan. <\/p>\n\n\t\t\t<div id='gallery-750-3' class='gallery gallery-750'>\n\t\t\t\t<div class='gallery-row gallery-col-3 gallery-clear'>\n\t\t\t\t\t<figure class='gallery-item col-3'>\n\t\t\t\t\t\t<div class='gallery-icon '><a href='https:\/\/www.pkfeyerabend.org\/wp-content\/uploads\/2013\/06\/photo-7.jpg'><img width=\"150\" height=\"150\" src=\"https:\/\/www.pkfeyerabend.org\/wp-content\/uploads\/2013\/06\/photo-7-150x150.jpg\" class=\"attachment-thumbnail size-thumbnail\" alt=\"\" decoding=\"async\" loading=\"lazy\" \/><\/a><\/div>\n\t\t\t\t\t<\/figure>\n\t\t\t\t\t<figure class='gallery-item col-3'>\n\t\t\t\t\t\t<div class='gallery-icon '><a href='https:\/\/www.pkfeyerabend.org\/wp-content\/uploads\/2013\/06\/photo-5-copy-2.jpg'><img width=\"150\" height=\"150\" src=\"https:\/\/www.pkfeyerabend.org\/wp-content\/uploads\/2013\/06\/photo-5-copy-2-150x150.jpg\" class=\"attachment-thumbnail size-thumbnail\" alt=\"\" decoding=\"async\" loading=\"lazy\" \/><\/a><\/div>\n\t\t\t\t\t<\/figure>\n\t\t\t\t\t<figure class='gallery-item col-3'>\n\t\t\t\t\t\t<div class='gallery-icon '><a href='https:\/\/www.pkfeyerabend.org\/wp-content\/uploads\/2013\/06\/photo-2.jpg'><img width=\"150\" height=\"150\" src=\"https:\/\/www.pkfeyerabend.org\/wp-content\/uploads\/2013\/06\/photo-2-150x150.jpg\" class=\"attachment-thumbnail size-thumbnail\" alt=\"\" decoding=\"async\" loading=\"lazy\" \/><\/a><\/div>\n\t\t\t\t\t<\/figure>\n\t\t\t\t<\/div>\n\t\t\t\t<div class='gallery-row gallery-col-3 gallery-clear'>\n\t\t\t\t\t<figure class='gallery-item col-3'>\n\t\t\t\t\t\t<div class='gallery-icon '><a href='https:\/\/www.pkfeyerabend.org\/wp-content\/uploads\/2013\/06\/Newsletter3_Jan2013_FinalDraft_page1_image1.jpg'><img width=\"150\" height=\"150\" src=\"https:\/\/www.pkfeyerabend.org\/wp-content\/uploads\/2013\/06\/Newsletter3_Jan2013_FinalDraft_page1_image1-150x150.jpg\" class=\"attachment-thumbnail size-thumbnail\" alt=\"\" decoding=\"async\" loading=\"lazy\" \/><\/a><\/div>\n\t\t\t\t\t<\/figure>\n\t\t\t\t\t<figure class='gallery-item col-3'>\n\t\t\t\t\t\t<div class='gallery-icon '><a href='https:\/\/www.pkfeyerabend.org\/wp-content\/uploads\/2013\/06\/181788_180376948665841_179565152080354_354378_997251_n.jpg'><img width=\"150\" height=\"150\" src=\"https:\/\/www.pkfeyerabend.org\/wp-content\/uploads\/2013\/06\/181788_180376948665841_179565152080354_354378_997251_n-150x150.jpg\" class=\"attachment-thumbnail size-thumbnail\" alt=\"\" decoding=\"async\" loading=\"lazy\" \/><\/a><\/div>\n\t\t\t\t\t<\/figure>\n\t\t\t\t\t<figure class='gallery-item col-3'>\n\t\t\t\t\t\t<div class='gallery-icon '><a href='https:\/\/www.pkfeyerabend.org\/wp-content\/uploads\/2013\/06\/180442_180377451999124_179565152080354_354394_6772420_n.jpg'><img width=\"150\" height=\"150\" src=\"https:\/\/www.pkfeyerabend.org\/wp-content\/uploads\/2013\/06\/180442_180377451999124_179565152080354_354394_6772420_n-150x150.jpg\" class=\"attachment-thumbnail size-thumbnail\" alt=\"\" decoding=\"async\" loading=\"lazy\" \/><\/a><\/div>\n\t\t\t\t\t<\/figure>\n\t\t\t\t<\/div>\n\t\t\t\t<div class='gallery-row gallery-col-3 gallery-clear'>\n\t\t\t\t\t<figure class='gallery-item col-3'>\n\t\t\t\t\t\t<div class='gallery-icon '><a href='https:\/\/www.pkfeyerabend.org\/wp-content\/uploads\/2013\/06\/171122_180905575279645_179565152080354_358152_1146650_o.jpg'><img width=\"150\" height=\"150\" src=\"https:\/\/www.pkfeyerabend.org\/wp-content\/uploads\/2013\/06\/171122_180905575279645_179565152080354_358152_1146650_o-150x150.jpg\" class=\"attachment-thumbnail size-thumbnail\" alt=\"\" decoding=\"async\" loading=\"lazy\" \/><\/a><\/div>\n\t\t\t\t\t<\/figure>\n\t\t\t\t\t<figure class='gallery-item col-3'>\n\t\t\t\t\t\t<div class='gallery-icon '><a href='https:\/\/www.pkfeyerabend.org\/wp-content\/uploads\/2013\/06\/Picture-to-add-to-our-palm-oil-2013-project-scaled.jpg'><img width=\"150\" height=\"150\" src=\"https:\/\/www.pkfeyerabend.org\/wp-content\/uploads\/2013\/06\/Picture-to-add-to-our-palm-oil-2013-project-150x150.jpg\" class=\"attachment-thumbnail size-thumbnail\" alt=\"\" decoding=\"async\" loading=\"lazy\" \/><\/a><\/div>\n\t\t\t\t\t<\/figure>\n\t\t\t<\/div>\n\t\t\t<\/div><!-- .gallery -->\n\n<p>For more information on the impacts of oil palm monocultures please see:<\/p>\n<ul>\n<li><a href=\"https:\/\/pkfeyerabend.org\/wp-content\/uploads\/2013\/06\/palawan_geotagged_report_pt_1.pdf\">PART 1: The \u2029environmental\u2029 and\u2029 social\u2029 impact \u2029of \u2029oil \u2029palm \u2029expansion on Palawan UNESCO \u2029Man\u2029&amp; \u2029Biosphere \u2029Reserve\u2029 (The\u2029Philippines)<\/a><\/li>\n<li><a href=\"https:\/\/pkfeyerabend.org\/wp-content\/uploads\/2013\/06\/palawan_geotagged_report_part_2.pdf\">PART 2: Samples\u2029 of\u2029 geo-coded\u2029 photos\u2029 of\u2029 oil\u2029 palm\u2029 locations\u2029 and\u2029 impacted\u2029 areas<\/a><\/li>\n<li><a href=\"https:\/\/www.pkfeyerabend.org\/wp-content\/uploads\/2013\/06\/DN-NARRATIVE-REPORT-PKF-2013_2014.pdf\">CALG Final report<\/a><\/li>\n<\/ul>\n<p>&nbsp;<\/p>","protected":false},"excerpt":{"rendered":"<p>Con esta iniciativa la Fundaci\u00f3n apoya una b\u00fasqueda de mecanismos para hacer lo m\u00e1s fuerte posible la voz de las comunidades ind\u00edgenas afectadas (o, potencialmente afectadas) por la monocultura del aceite de palma en Palawan y Mindanao \u2013 dos grandes&#8230;<\/p>\n","protected":false},"author":1,"featured_media":777,"comment_status":"open","ping_status":"open","sticky":false,"template":"","format":"standard","meta":[],"categories":[31,47],"tags":[],"_links":{"self":[{"href":"https:\/\/www.pkfeyerabend.org\/es\/wp-json\/wp\/v2\/posts\/750"}],"collection":[{"href":"https:\/\/www.pkfeyerabend.org\/es\/wp-json\/wp\/v2\/posts"}],"about":[{"href":"https:\/\/www.pkfeyerabend.org\/es\/wp-json\/wp\/v2\/types\/post"}],"author":[{"embeddable":true,"href":"https:\/\/www.pkfeyerabend.org\/es\/wp-json\/wp\/v2\/users\/1"}],"replies":[{"embeddable":true,"href":"https:\/\/www.pkfeyerabend.org\/es\/wp-json\/wp\/v2\/comments?post=750"}],"version-history":[{"count":10,"href":"https:\/\/www.pkfeyerabend.org\/es\/wp-json\/wp\/v2\/posts\/750\/revisions"}],"predecessor-version":[{"id":2320,"href":"https:\/\/www.pkfeyerabend.org\/es\/wp-json\/wp\/v2\/posts\/750\/revisions\/2320"}],"wp:featuredmedia":[{"embeddable":true,"href":"https:\/\/www.pkfeyerabend.org\/es\/wp-json\/wp\/v2\/media\/777"}],"wp:attachment":[{"href":"https:\/\/www.pkfeyerabend.org\/es\/wp-json\/wp\/v2\/media?parent=750"}],"wp:term":[{"taxonomy":"category","embeddable":true,"href":"https:\/\/www.pkfeyerabend.org\/es\/wp-json\/wp\/v2\/categories?post=750"},{"taxonomy":"post_tag","embeddable":true,"href":"https:\/\/www.pkfeyerabend.org\/es\/wp-json\/wp\/v2\/tags?post=750"}],"curies":[{"name":"wp","href":"https:\/\/api.w.org\/{rel}","templated":true}]}}