{"id":909,"date":"2014-01-16T21:15:15","date_gmt":"2014-01-16T20:15:15","guid":{"rendered":"https:\/\/pkfeyerabend.org\/?p=909"},"modified":"2021-08-03T11:10:48","modified_gmt":"2021-08-03T09:10:48","slug":"les-caisses-communautaires-depargne-et-de-credit-apprendre-ensemble-pour-batir-la-bonne-vie-equateur","status":"publish","type":"post","link":"https:\/\/www.pkfeyerabend.org\/es\/2014\/01\/16\/les-caisses-communautaires-depargne-et-de-credit-apprendre-ensemble-pour-batir-la-bonne-vie-equateur\/","title":{"rendered":"Las cajas comunitarias de ahorros y cr\u00e9dito &#8211; Aprendiendo juntos hacia el \u00abbuen vivir\u00bb (Ecuador)"},"content":{"rendered":"<p>Como parte del proyecto \u201cRutas de aprentisaje comunitario\u201d (proyecto de tres a\u00f1os, en curso) un taller regional ha llevado a cabo en Ecuador, cerca de la ciudad de Cuenca, en septiembre de 2013. El taller ha reunido a m\u00e1s de veinte participantes de Guatemala, El Salvador, Colombia, Ecuador y Bolivia. El taller fue organizado por el Padre Hern\u00e1n Rodas (Premio PKF 2007), bas\u00e1ndose en la experiencia de Jard\u00edn Azuayo, una cooperativa que apoya cajas comunitarias de ahorro y cr\u00e9dito con resultados ejemplares en Ecuador.<\/p>\n<p>El aprendizaje, basado en la experiencia pr\u00e1ctica de los participantes, se desarroll\u00f3 a trav\u00e9s de interacciones directas con personas y comunidades que se fortalecieron a trav\u00e9s de su propia organizaci\u00f3n local y de la econom\u00eda solidaria. El control local del capital (ahorro comunitario) puede ser una herramienta de gran alcance y ofrecer alternativas a la migraci\u00f3n y a la miseria en las sociedades donde el acceso al capital es limitado y estrictamente controlado. Para que las \u00abeconom\u00edas solidarias\u00bb puedan florecer, sin embargo, es esencial que un peque\u00f1o grupo de personas toman la iniciativa y dan sustento a un proceso local basado en la confianza mutua y la buena voluntad. El taller dio lugar a una declaraci\u00f3n y un conjunto de reflexiones suscritas por todos los participantes (adjuntos en espa\u00f1ol). Los participantes tambi\u00e9n aportaron comentarios a un documento en evoluci\u00f3n de Lineas Directrices para las comunidades que deseen desarrollar sus propias cajas de ahorro y cr\u00e9dito.<\/p>\n<p>Downloadable files :<\/p>\n<ul>\n<li><a href=\"https:\/\/pkfeyerabend.org\/wp-content\/uploads\/2014\/01\/ALGUNAS-REFLEXIONES-EN-TORNO-A-LAS-CAJAS-COMUNITARIAS-GRAZIA.docx\">Algunas reflexiones en torno a las cajas communitarias<\/a><\/li>\n<li><a href=\"https:\/\/pkfeyerabend.org\/wp-content\/uploads\/2014\/01\/Declaracio\u0301n-Economi\u0301a-Solidaria.docx\">Declaracion Economia Solidaria<\/a><\/li>\n<\/ul>\n<div class=\"oSioSc\">\n<div id=\"tw-target\">\n<div id=\"kAz1tf\" class=\"g9WsWb\">\n<div id=\"tw-target-text-container\" class=\"tw-ta-container hide-focus-ring tw-nfl\" tabindex=\"0\">\n<p id=\"tw-target-text\" class=\"tw-data-text tw-text-large XcVN5d tw-ta\" dir=\"ltr\" data-placeholder=\"Traduction\"><span lang=\"es\">Ver tambi\u00e9n : <a href=\"https:\/\/www.pkfeyerabend.org\/en\/2014\/01\/16\/les-caisses-communautaires-depargne-et-de-credit-apprendre-ensemble-pour-batir-la-bonne-vie-equateur\/\">https:\/\/www.pkfeyerabend.org\/en\/2014\/01\/16\/les-caisses-communautaires-depargne-et-de-credit-apprendre-ensemble-pour-batir-la-bonne-vie-equateur\/<\/a><br \/>\n<\/span><\/p>\n<\/div>\n<\/div>\n<\/div>\n<\/div>\n<p>\n\t\t\t<div id='gallery-909-3' class='gallery gallery-909'>\n\t\t\t\t<div class='gallery-row gallery-col-3 gallery-clear'>\n\t\t\t\t\t<figure class='gallery-item col-3'>\n\t\t\t\t\t\t<div class='gallery-icon '><a href='https:\/\/www.pkfeyerabend.org\/wp-content\/uploads\/2014\/01\/2-bienvenida.jpg'><img width=\"150\" height=\"150\" src=\"https:\/\/www.pkfeyerabend.org\/wp-content\/uploads\/2014\/01\/2-bienvenida-150x150.jpg\" class=\"attachment-thumbnail size-thumbnail\" alt=\"\" decoding=\"async\" loading=\"lazy\" \/><\/a><\/div>\n\t\t\t\t\t<\/figure>\n\t\t\t\t\t<figure class='gallery-item col-3'>\n\t\t\t\t\t\t<div class='gallery-icon '><a href='https:\/\/www.pkfeyerabend.org\/wp-content\/uploads\/2014\/01\/2-curso-de-Septiembre.jpg'><img width=\"150\" height=\"150\" src=\"https:\/\/www.pkfeyerabend.org\/wp-content\/uploads\/2014\/01\/2-curso-de-Septiembre-150x150.jpg\" class=\"attachment-thumbnail size-thumbnail\" alt=\"\" decoding=\"async\" loading=\"lazy\" \/><\/a><\/div>\n\t\t\t\t\t<\/figure>\n\t\t\t\t\t<figure class='gallery-item col-3'>\n\t\t\t\t\t\t<div class='gallery-icon '><a href='https:\/\/www.pkfeyerabend.org\/wp-content\/uploads\/2014\/01\/4-questiones.jpg'><img width=\"150\" height=\"150\" src=\"https:\/\/www.pkfeyerabend.org\/wp-content\/uploads\/2014\/01\/4-questiones-150x150.jpg\" class=\"attachment-thumbnail size-thumbnail\" alt=\"\" decoding=\"async\" loading=\"lazy\" \/><\/a><\/div>\n\t\t\t\t\t<\/figure>\n\t\t\t\t<\/div>\n\t\t\t\t<div class='gallery-row gallery-col-3 gallery-clear'>\n\t\t\t\t\t<figure class='gallery-item col-3'>\n\t\t\t\t\t\t<div class='gallery-icon '><a href='https:\/\/www.pkfeyerabend.org\/wp-content\/uploads\/2014\/01\/5-grupos.jpg'><img width=\"150\" height=\"150\" src=\"https:\/\/www.pkfeyerabend.org\/wp-content\/uploads\/2014\/01\/5-grupos-150x150.jpg\" class=\"attachment-thumbnail size-thumbnail\" alt=\"\" decoding=\"async\" loading=\"lazy\" \/><\/a><\/div>\n\t\t\t\t\t<\/figure>\n\t\t\t\t\t<figure class='gallery-item col-3'>\n\t\t\t\t\t\t<div class='gallery-icon '><a href='https:\/\/www.pkfeyerabend.org\/wp-content\/uploads\/2014\/01\/6-pintando..jpg'><img width=\"150\" height=\"150\" src=\"https:\/\/www.pkfeyerabend.org\/wp-content\/uploads\/2014\/01\/6-pintando.-150x150.jpg\" class=\"attachment-thumbnail size-thumbnail\" alt=\"\" decoding=\"async\" loading=\"lazy\" \/><\/a><\/div>\n\t\t\t\t\t<\/figure>\n\t\t\t\t\t<figure class='gallery-item col-3'>\n\t\t\t\t\t\t<div class='gallery-icon '><a href='https:\/\/www.pkfeyerabend.org\/wp-content\/uploads\/2014\/01\/8-diplomas.jpg'><img width=\"150\" height=\"150\" src=\"https:\/\/www.pkfeyerabend.org\/wp-content\/uploads\/2014\/01\/8-diplomas-150x150.jpg\" class=\"attachment-thumbnail size-thumbnail\" alt=\"\" decoding=\"async\" loading=\"lazy\" \/><\/a><\/div>\n\t\t\t\t\t<\/figure>\n\t\t\t\t<\/div>\n\t\t\t<\/div><!-- .gallery -->\n<\/p>","protected":false},"excerpt":{"rendered":"<p>Como parte del proyecto \u201cRutas de aprentisaje comunitario\u201d (proyecto de tres a\u00f1os, en curso) un taller regional ha llevado a cabo en Ecuador, cerca de la ciudad de Cuenca, en septiembre de 2013. El taller ha reunido a m\u00e1s de&#8230;<\/p>\n","protected":false},"author":1,"featured_media":913,"comment_status":"open","ping_status":"open","sticky":false,"template":"","format":"standard","meta":[],"categories":[31,47],"tags":[],"_links":{"self":[{"href":"https:\/\/www.pkfeyerabend.org\/es\/wp-json\/wp\/v2\/posts\/909"}],"collection":[{"href":"https:\/\/www.pkfeyerabend.org\/es\/wp-json\/wp\/v2\/posts"}],"about":[{"href":"https:\/\/www.pkfeyerabend.org\/es\/wp-json\/wp\/v2\/types\/post"}],"author":[{"embeddable":true,"href":"https:\/\/www.pkfeyerabend.org\/es\/wp-json\/wp\/v2\/users\/1"}],"replies":[{"embeddable":true,"href":"https:\/\/www.pkfeyerabend.org\/es\/wp-json\/wp\/v2\/comments?post=909"}],"version-history":[{"count":4,"href":"https:\/\/www.pkfeyerabend.org\/es\/wp-json\/wp\/v2\/posts\/909\/revisions"}],"predecessor-version":[{"id":1724,"href":"https:\/\/www.pkfeyerabend.org\/es\/wp-json\/wp\/v2\/posts\/909\/revisions\/1724"}],"wp:featuredmedia":[{"embeddable":true,"href":"https:\/\/www.pkfeyerabend.org\/es\/wp-json\/wp\/v2\/media\/913"}],"wp:attachment":[{"href":"https:\/\/www.pkfeyerabend.org\/es\/wp-json\/wp\/v2\/media?parent=909"}],"wp:term":[{"taxonomy":"category","embeddable":true,"href":"https:\/\/www.pkfeyerabend.org\/es\/wp-json\/wp\/v2\/categories?post=909"},{"taxonomy":"post_tag","embeddable":true,"href":"https:\/\/www.pkfeyerabend.org\/es\/wp-json\/wp\/v2\/tags?post=909"}],"curies":[{"name":"wp","href":"https:\/\/api.w.org\/{rel}","templated":true}]}}