{"id":1532,"date":"2018-12-21T14:52:15","date_gmt":"2018-12-21T13:52:15","guid":{"rendered":"https:\/\/www.pkfeyerabend.org\/?p=1532"},"modified":"2019-11-21T20:19:24","modified_gmt":"2019-11-21T19:19:24","slug":"english-salween-peace-park-and-its-slain-leader-saw-o-moo-providing-a-grassroots-alternative-to-imposed-destructive-development-in-burma-myanmar","status":"publish","type":"post","link":"https:\/\/www.pkfeyerabend.org\/fr\/2018\/12\/21\/english-salween-peace-park-and-its-slain-leader-saw-o-moo-providing-a-grassroots-alternative-to-imposed-destructive-development-in-burma-myanmar\/","title":{"rendered":"Salween Peace Park et son leader assassin\u00e9, Saw O Moo, offrent une alternative populaire au d\u00e9veloppement destructeur impos\u00e9 en Birmanie \/ Myanmar"},"content":{"rendered":"<p>Le Parc de la Paix de Salween (SPP) est un territoire pr\u00e9serv\u00e9 de 5 485 km2 situ\u00e9 dans le bassin de la rivi\u00e8re Salween, une r\u00e9gion de grande importance pour la biodiversit\u00e9 mondiale en Birmanie\/Myanmar. Son peuple autochtone Karen a proclam\u00e9 sa volont\u00e9 de r\u00e9aliser ses trois aspirations fondamentales\u00a0: la paix et l&rsquo;autod\u00e9termination, l&rsquo;int\u00e9grit\u00e9 environnementale et la survie culturelle. Dans une r\u00e9gion qui a souffert de plus de 60 ans de guerre civile, le SPP a pour objectif de cr\u00e9er la paix et de prot\u00e9ger un fief de la culture Karen et de la biodiversit\u00e9 contre les anciennes et les nouvelles menaces. Enracin\u00e9 dans les syst\u00e8mes de gouvernance et de gestion coutumiers Karen, le SPP repr\u00e9sente une alternative issue de la base aux plans de d\u00e9veloppement destructeurs impos\u00e9s par le gouvernement du Myanmar et les soci\u00e9t\u00e9s \u00e9trang\u00e8res alli\u00e9es. Il recherche la justice sociale et environnementale, la d\u00e9mocratie d\u00e9lib\u00e9rative, la garantie des droits collectifs \u00e0 la terre, un mod\u00e8le de d\u00e9veloppement \u00e9cologiquement durable et la pr\u00e9servation de la nature et de la culture afin de pr\u00e9server l\u2019avenir des g\u00e9n\u00e9rations futures.<\/p>\n<p>Le SPP doit faire preuve d\u2019une bonne gouvernance d\u00e9mocratique des ressources naturelles au niveau local. Au lieu de grandes exploitations mini\u00e8res et de plantations de caoutchouc, il \u0153uvre pour la gestion durable des for\u00eats existantes par le biais de l&rsquo;agroforesterie, de l&rsquo;agriculture biologique et de l&rsquo;\u00e9cotourisme. A d&rsquo;imposants barrages sur la rivi\u00e8re Salween, il pr\u00e9f\u00e8re des sources d&rsquo;\u00e9nergie d\u00e9centralis\u00e9es et g\u00e9r\u00e9es par la base. Au lieu de m\u00e9gaprojets risquant de raviver la guerre, il cherche une <em>paix durable<\/em> pour un \u00e9cosyst\u00e8me prosp\u00e8re o\u00f9 les gens vivent bien en harmonie avec la diversit\u00e9 biologique.<\/p>\n<p>D\u2019importance cruciale, le SPP est fait pour pr\u00e9server un \u00e9cosyst\u00e8me cl\u00e9 dans l\u2019un des <em>hot spots<\/em> de la biodiversit\u00e9 en Indo-Birmanie, o\u00f9 des esp\u00e8ces rares telles que les tigres, les gibbons et les grands calaos prosp\u00e8rent encore dans la jungle dense. La conservation de ces riches environnements doit cependant rester fid\u00e8le aux habitudes du peuple autochtone Karen, conform\u00e9ment aux r\u00e8gles et pratiques coutumi\u00e8res des g\u00e9n\u00e9rations pr\u00e9c\u00e9dentes. En fait, le SPP devrait \u00e9galement contribuer \u00e0 \u00a0<em>revitaliser la culture Karen<\/em>, qui a \u00e9t\u00e9 mise \u00e0 mal depuis que l&rsquo;arm\u00e9e birmane a pris le contr\u00f4le du pays au milieu du XXe si\u00e8cle. Les traditions des Karen autochtones sont intimement li\u00e9es \u00e0 la terre et il n&rsquo;existe pas de meilleur protecteur des for\u00eats, des rivi\u00e8res et des ressources naturelles que le peuple Karen lui-m\u00eame.<\/p>\n<p>La vision qui pr\u00e9side au SPP a \u00e9t\u00e9 \u00e9labor\u00e9e par les communaut\u00e9s locales en partenariat avec l\u2019Union Nationale Karen (KNU) \u00e0 l\u2019issue de vastes consultations communautaires comprenant m\u00eame un r\u00e9f\u00e9rendum sur la Charte sur la gouvernance et la gestion du SPP.<\/p>\n<p>Un \u00e9v\u00e9nement majeur a \u00e9t\u00e9 organis\u00e9 en d\u00e9cembre 2018 pour f\u00eater l\u2019inauguration du SPP, soulignant la vision locale d&rsquo;un avenir d\u00e9mocratique, pacifique et durable allant \u00e0 l&rsquo;encontre de l&rsquo;occupation syst\u00e9matique des territoires autochtones et de l&rsquo;exploitation centralis\u00e9e des ressources naturelles. \u00c0 cette m\u00eame occasion, le prix Paul K. Feyerabend 2018 \u00abUn monde solidaire est possible\u00bb a \u00e9t\u00e9 remis au Salween Peace Park. Il est aussi d\u00e9di\u00e9 \u00e0 la m\u00e9moire de Saw O Moo, d\u00e9fenseur engag\u00e9 de la terre, de la paix et des droits des peuples autochtones.<\/p>\n<p>Le 5 avril 2018, Saw O Moo se rendait de chez lui, dans les plaines de Ler Mu Plaw, \u00e0 une r\u00e9union communautaire au centre communautaire de Luthaw Paw Day, \u00e0 plus d\u2019une heure de moto. Cette r\u00e9union avait pour but d&rsquo;organiser l&rsquo;assistance humanitaire aux villageois d\u00e9plac\u00e9s de force par les attaques r\u00e9centes et en cours de l&rsquo;arm\u00e9e birmane dans la r\u00e9gion. Saw O Moo n&rsquo;a jamais atteint sa destination, car il a \u00e9t\u00e9 tu\u00e9 par balle en cours de route par l&rsquo;arm\u00e9e birmane. Les autorit\u00e9s ont confirm\u00e9 sa mort mais n&rsquo;ont jamais rendu son corps, emp\u00eachant sa famille &#8211; y compris son \u00e9pouse, Naw Paw Tha, et leurs 7 jeunes enfants, d\u00e9plac\u00e9s de Ler Mu Plaw le 4 mars 2018 &#8211; d&rsquo;accomplir leurs rites fun\u00e9raires.<\/p>\n<p>Saw O Moo est n\u00e9 en 1975 dans la cabane de ses parents, situ\u00e9e sur la terre de T\u2019Ri Plaw, dans la r\u00e9gion de Ler Mu Plaw. Depuis 2006, il travaillait en tant que partenaire communautaire local avec le Karen Environmental and Social Action Network. On se souviendra de lui pour son engagement passionn\u00e9 d\u2019une vie enti\u00e8re pour la pr\u00e9servation des traditions culturelles Karen, la promotion de la gestion coutumi\u00e8re des terres et la direction des travaux visant \u00e0 conserver certains des derniers habitats de for\u00eat ancienne et d&rsquo;esp\u00e8ces en voie de disparition encore intacts en Birmanie. Saw O Moo \u00e9tait l&rsquo;un des dirigeants communautaires les plus actifs du Salween Peace Parc. Il \u00e9tait membre du comit\u00e9 du Parc et croyait fermement en sa vision pour la paix, la conservation de la biodiversit\u00e9 et la pr\u00e9servation culturelle. \u00abPour nous, peuples autochtones, le Salween Peace Parc repr\u00e9sente nos d\u00e9sirs et nos besoins les plus profonds\u00bb, a-t-il d\u00e9clar\u00e9 \u00e0 la foule lors d&rsquo;une r\u00e9union de consultation publique tenue en d\u00e9cembre 2017.<\/p>\n<p><iframe loading=\"lazy\" src=\"https:\/\/www.youtube.com\/embed\/3DKRDRMh9Gk\" width=\"560\" height=\"315\" frameborder=\"0\" allowfullscreen=\"allowfullscreen\"><\/iframe><\/p>\n<p>En effet, le Salween Peace Parc offre une vision audacieuse au peuple Karen\u00a0: un d\u00e9fi pacifique aux actes brutaux de l&rsquo;arm\u00e9e birmane et \u00e0 son m\u00e9pris pour la vie des villageois, et un symbole de solidarit\u00e9 et d&rsquo;inspiration pour les communaut\u00e9s, la soci\u00e9t\u00e9 civile et les organisations politiques ethniques du pays \u00e0 une \u00e9poque d&rsquo;instabilit\u00e9 politique permanente et d\u2019appels g\u00e9n\u00e9ralis\u00e9s \u00e0 des r\u00e9formes d\u00e9mocratiques. Ce n\u2019est qu\u2019arm\u00e9 de telles visions que le peuple autochtone Karen de Birmanie pourra supporter la terrible trag\u00e9die de la mort de Saw O Moo et de tant d&rsquo;autres\u2026 Le combat de Saw O Moo pour construire la paix et pour la protection des terres ancestrales restera un h\u00e9ritage vivant pour le Salween Peace Park.<\/p>\n<p><iframe loading=\"lazy\" width=\"560\" height=\"315\" src=\"https:\/\/www.youtube.com\/embed\/VdQ77U0vygU\" frameborder=\"0\" allow=\"accelerometer; autoplay; encrypted-media; gyroscope; picture-in-picture\" allowfullscreen><\/iframe><\/p>\n<p>\n\t\t\t<div id='gallery-1532-1' class='gallery gallery-1532'>\n\t\t\t\t<div class='gallery-row gallery-col-3 gallery-clear'>\n\t\t\t\t\t<figure class='gallery-item col-3'>\n\t\t\t\t\t\t<div class='gallery-icon '><a href='https:\/\/www.pkfeyerabend.org\/wp-content\/uploads\/2018\/12\/Salween-Peace-Park-1.jpg'><img width=\"150\" height=\"150\" src=\"https:\/\/www.pkfeyerabend.org\/wp-content\/uploads\/2018\/12\/Salween-Peace-Park-1-150x150.jpg\" class=\"attachment-thumbnail size-thumbnail\" alt=\"\" decoding=\"async\" loading=\"lazy\" \/><\/a><\/div>\n\t\t\t\t\t<\/figure>\n\t\t\t\t\t<figure class='gallery-item col-3'>\n\t\t\t\t\t\t<div class='gallery-icon '><a href='https:\/\/www.pkfeyerabend.org\/wp-content\/uploads\/2018\/12\/Salween-Peace-Park-2.jpg'><img width=\"150\" height=\"150\" src=\"https:\/\/www.pkfeyerabend.org\/wp-content\/uploads\/2018\/12\/Salween-Peace-Park-2-150x150.jpg\" class=\"attachment-thumbnail size-thumbnail\" alt=\"\" decoding=\"async\" loading=\"lazy\" \/><\/a><\/div>\n\t\t\t\t\t<\/figure>\n\t\t\t\t\t<figure class='gallery-item col-3'>\n\t\t\t\t\t\t<div class='gallery-icon '><a href='https:\/\/www.pkfeyerabend.org\/wp-content\/uploads\/2018\/12\/Salween-Peace-Park-3.jpg'><img width=\"150\" height=\"150\" src=\"https:\/\/www.pkfeyerabend.org\/wp-content\/uploads\/2018\/12\/Salween-Peace-Park-3-150x150.jpg\" class=\"attachment-thumbnail size-thumbnail\" alt=\"\" decoding=\"async\" loading=\"lazy\" \/><\/a><\/div>\n\t\t\t\t\t<\/figure>\n\t\t\t\t<\/div>\n\t\t\t\t<div class='gallery-row gallery-col-3 gallery-clear'>\n\t\t\t\t\t<figure class='gallery-item col-3'>\n\t\t\t\t\t\t<div class='gallery-icon '><a href='https:\/\/www.pkfeyerabend.org\/wp-content\/uploads\/2018\/12\/Salween-Peace-Park-4.jpg'><img width=\"150\" height=\"150\" src=\"https:\/\/www.pkfeyerabend.org\/wp-content\/uploads\/2018\/12\/Salween-Peace-Park-4-150x150.jpg\" class=\"attachment-thumbnail size-thumbnail\" alt=\"\" decoding=\"async\" loading=\"lazy\" \/><\/a><\/div>\n\t\t\t\t\t<\/figure>\n\t\t\t\t\t<figure class='gallery-item col-3'>\n\t\t\t\t\t\t<div class='gallery-icon '><a href='https:\/\/www.pkfeyerabend.org\/wp-content\/uploads\/2018\/12\/Salween-Peace-Park-5-Copia.jpg'><img width=\"150\" height=\"150\" src=\"https:\/\/www.pkfeyerabend.org\/wp-content\/uploads\/2018\/12\/Salween-Peace-Park-5-Copia-150x150.jpg\" class=\"attachment-thumbnail size-thumbnail\" alt=\"\" decoding=\"async\" loading=\"lazy\" \/><\/a><\/div>\n\t\t\t\t\t<\/figure>\n\t\t\t\t\t<figure class='gallery-item col-3'>\n\t\t\t\t\t\t<div class='gallery-icon '><a href='https:\/\/www.pkfeyerabend.org\/wp-content\/uploads\/2018\/12\/Salween-Peace-Park-6-Copia.jpg'><img width=\"150\" height=\"150\" src=\"https:\/\/www.pkfeyerabend.org\/wp-content\/uploads\/2018\/12\/Salween-Peace-Park-6-Copia-150x150.jpg\" class=\"attachment-thumbnail size-thumbnail\" alt=\"\" decoding=\"async\" loading=\"lazy\" \/><\/a><\/div>\n\t\t\t\t\t<\/figure>\n\t\t\t\t<\/div>\n\t\t\t\t<div class='gallery-row gallery-col-3 gallery-clear'>\n\t\t\t\t\t<figure class='gallery-item col-3'>\n\t\t\t\t\t\t<div class='gallery-icon '><a href='https:\/\/www.pkfeyerabend.org\/wp-content\/uploads\/2018\/12\/Salween-Peace-Park-7-Copia.jpg'><img width=\"150\" height=\"150\" src=\"https:\/\/www.pkfeyerabend.org\/wp-content\/uploads\/2018\/12\/Salween-Peace-Park-7-Copia-150x150.jpg\" class=\"attachment-thumbnail size-thumbnail\" alt=\"\" decoding=\"async\" loading=\"lazy\" \/><\/a><\/div>\n\t\t\t\t\t<\/figure>\n\t\t\t\t\t<figure class='gallery-item col-3'>\n\t\t\t\t\t\t<div class='gallery-icon '><a href='https:\/\/www.pkfeyerabend.org\/wp-content\/uploads\/2018\/12\/Salween-Peace-Park-8-Copia.jpg'><img width=\"150\" height=\"150\" src=\"https:\/\/www.pkfeyerabend.org\/wp-content\/uploads\/2018\/12\/Salween-Peace-Park-8-Copia-150x150.jpg\" class=\"attachment-thumbnail size-thumbnail\" alt=\"\" decoding=\"async\" loading=\"lazy\" \/><\/a><\/div>\n\t\t\t\t\t<\/figure>\n\t\t\t\t\t<figure class='gallery-item col-3'>\n\t\t\t\t\t\t<div class='gallery-icon '><a href='https:\/\/www.pkfeyerabend.org\/wp-content\/uploads\/2018\/12\/Salween-Peace-Park-9-Copia.jpg'><img width=\"150\" height=\"150\" src=\"https:\/\/www.pkfeyerabend.org\/wp-content\/uploads\/2018\/12\/Salween-Peace-Park-9-Copia-150x150.jpg\" class=\"attachment-thumbnail size-thumbnail\" alt=\"\" decoding=\"async\" loading=\"lazy\" \/><\/a><\/div>\n\t\t\t\t\t<\/figure>\n\t\t\t\t<\/div>\n\t\t\t\t<div class='gallery-row gallery-col-3 gallery-clear'>\n\t\t\t\t\t<figure class='gallery-item col-3'>\n\t\t\t\t\t\t<div class='gallery-icon '><a href='https:\/\/www.pkfeyerabend.org\/wp-content\/uploads\/2018\/12\/Saw-O-Moo-2.jpg'><img width=\"150\" height=\"150\" src=\"https:\/\/www.pkfeyerabend.org\/wp-content\/uploads\/2018\/12\/Saw-O-Moo-2-150x150.jpg\" class=\"attachment-thumbnail size-thumbnail\" alt=\"\" decoding=\"async\" loading=\"lazy\" \/><\/a><\/div>\n\t\t\t\t\t<\/figure>\n\t\t\t\t\t<figure class='gallery-item col-3'>\n\t\t\t\t\t\t<div class='gallery-icon '><a href='https:\/\/www.pkfeyerabend.org\/wp-content\/uploads\/2018\/12\/Saw-O-Moo-3.jpg'><img width=\"150\" height=\"150\" src=\"https:\/\/www.pkfeyerabend.org\/wp-content\/uploads\/2018\/12\/Saw-O-Moo-3-150x150.jpg\" class=\"attachment-thumbnail size-thumbnail\" alt=\"\" decoding=\"async\" loading=\"lazy\" \/><\/a><\/div>\n\t\t\t\t\t<\/figure>\n\t\t\t\t\t<figure class='gallery-item col-3'>\n\t\t\t\t\t\t<div class='gallery-icon '><a href='https:\/\/www.pkfeyerabend.org\/wp-content\/uploads\/2018\/12\/Saw-O-Moo-for-the-cover-of-the-web-page.jpg'><img width=\"150\" height=\"150\" src=\"https:\/\/www.pkfeyerabend.org\/wp-content\/uploads\/2018\/12\/Saw-O-Moo-for-the-cover-of-the-web-page-150x150.jpg\" class=\"attachment-thumbnail size-thumbnail\" alt=\"\" decoding=\"async\" loading=\"lazy\" \/><\/a><\/div>\n\t\t\t\t\t<\/figure>\n\t\t\t\t<\/div>\n\t\t\t\t<div class='gallery-row gallery-col-3 gallery-clear'>\n\t\t\t\t\t<figure class='gallery-item col-3'>\n\t\t\t\t\t\t<div class='gallery-icon '><a href='https:\/\/www.pkfeyerabend.org\/wp-content\/uploads\/2018\/12\/JK15017.jpg'><img width=\"150\" height=\"150\" src=\"https:\/\/www.pkfeyerabend.org\/wp-content\/uploads\/2018\/12\/JK15017-150x150.jpg\" class=\"attachment-thumbnail size-thumbnail\" alt=\"\" decoding=\"async\" loading=\"lazy\" \/><\/a><\/div>\n\t\t\t\t\t<\/figure>\n\t\t\t\t\t<figure class='gallery-item col-3'>\n\t\t\t\t\t\t<div class='gallery-icon '><a href='https:\/\/www.pkfeyerabend.org\/wp-content\/uploads\/2018\/12\/JK15072.jpg'><img width=\"150\" height=\"150\" src=\"https:\/\/www.pkfeyerabend.org\/wp-content\/uploads\/2018\/12\/JK15072-150x150.jpg\" class=\"attachment-thumbnail size-thumbnail\" alt=\"\" decoding=\"async\" loading=\"lazy\" \/><\/a><\/div>\n\t\t\t\t\t<\/figure>\n\t\t\t\t\t<figure class='gallery-item col-3'>\n\t\t\t\t\t\t<div class='gallery-icon '><a href='https:\/\/www.pkfeyerabend.org\/wp-content\/uploads\/2018\/12\/JK15276.jpg'><img width=\"150\" height=\"150\" src=\"https:\/\/www.pkfeyerabend.org\/wp-content\/uploads\/2018\/12\/JK15276-150x150.jpg\" class=\"attachment-thumbnail size-thumbnail\" alt=\"\" decoding=\"async\" loading=\"lazy\" \/><\/a><\/div>\n\t\t\t\t\t<\/figure>\n\t\t\t\t<\/div>\n\t\t\t\t<div class='gallery-row gallery-col-3 gallery-clear'>\n\t\t\t\t\t<figure class='gallery-item col-3'>\n\t\t\t\t\t\t<div class='gallery-icon '><a href='https:\/\/www.pkfeyerabend.org\/wp-content\/uploads\/2018\/12\/JK15511.jpg'><img width=\"150\" height=\"150\" src=\"https:\/\/www.pkfeyerabend.org\/wp-content\/uploads\/2018\/12\/JK15511-150x150.jpg\" class=\"attachment-thumbnail size-thumbnail\" alt=\"\" decoding=\"async\" loading=\"lazy\" \/><\/a><\/div>\n\t\t\t\t\t<\/figure>\n\t\t\t\t\t<figure class='gallery-item col-3'>\n\t\t\t\t\t\t<div class='gallery-icon '><a href='https:\/\/www.pkfeyerabend.org\/wp-content\/uploads\/2018\/12\/JK15566.jpg'><img width=\"150\" height=\"150\" src=\"https:\/\/www.pkfeyerabend.org\/wp-content\/uploads\/2018\/12\/JK15566-150x150.jpg\" class=\"attachment-thumbnail size-thumbnail\" alt=\"\" decoding=\"async\" loading=\"lazy\" \/><\/a><\/div>\n\t\t\t\t\t<\/figure>\n\t\t\t\t\t<figure class='gallery-item col-3'>\n\t\t\t\t\t\t<div class='gallery-icon '><a href='https:\/\/www.pkfeyerabend.org\/wp-content\/uploads\/2018\/12\/JK15654.jpg'><img width=\"150\" height=\"150\" src=\"https:\/\/www.pkfeyerabend.org\/wp-content\/uploads\/2018\/12\/JK15654-150x150.jpg\" class=\"attachment-thumbnail size-thumbnail\" alt=\"\" decoding=\"async\" loading=\"lazy\" \/><\/a><\/div>\n\t\t\t\t\t<\/figure>\n\t\t\t\t<\/div>\n\t\t\t\t<div class='gallery-row gallery-col-3 gallery-clear'>\n\t\t\t\t\t<figure class='gallery-item col-3'>\n\t\t\t\t\t\t<div class='gallery-icon '><a href='https:\/\/www.pkfeyerabend.org\/wp-content\/uploads\/2018\/12\/JK15665.jpg'><img width=\"150\" height=\"150\" src=\"https:\/\/www.pkfeyerabend.org\/wp-content\/uploads\/2018\/12\/JK15665-150x150.jpg\" class=\"attachment-thumbnail size-thumbnail\" alt=\"\" decoding=\"async\" loading=\"lazy\" \/><\/a><\/div>\n\t\t\t\t\t<\/figure>\n\t\t\t<\/div>\n\t\t\t<\/div><!-- .gallery -->\n<\/p>","protected":false},"excerpt":{"rendered":"<p>Le Parc de la Paix de Salween (SPP) est un territoire pr\u00e9serv\u00e9 de 5 485 km2 situ\u00e9 dans le bassin de la rivi\u00e8re Salween, une r\u00e9gion de grande importance pour la biodiversit\u00e9 mondiale en Birmanie\/Myanmar. Son peuple autochtone Karen a&#8230;<\/p>\n","protected":false},"author":1,"featured_media":1544,"comment_status":"open","ping_status":"open","sticky":false,"template":"","format":"standard","meta":[],"categories":[41],"tags":[],"_links":{"self":[{"href":"https:\/\/www.pkfeyerabend.org\/fr\/wp-json\/wp\/v2\/posts\/1532"}],"collection":[{"href":"https:\/\/www.pkfeyerabend.org\/fr\/wp-json\/wp\/v2\/posts"}],"about":[{"href":"https:\/\/www.pkfeyerabend.org\/fr\/wp-json\/wp\/v2\/types\/post"}],"author":[{"embeddable":true,"href":"https:\/\/www.pkfeyerabend.org\/fr\/wp-json\/wp\/v2\/users\/1"}],"replies":[{"embeddable":true,"href":"https:\/\/www.pkfeyerabend.org\/fr\/wp-json\/wp\/v2\/comments?post=1532"}],"version-history":[{"count":6,"href":"https:\/\/www.pkfeyerabend.org\/fr\/wp-json\/wp\/v2\/posts\/1532\/revisions"}],"predecessor-version":[{"id":1694,"href":"https:\/\/www.pkfeyerabend.org\/fr\/wp-json\/wp\/v2\/posts\/1532\/revisions\/1694"}],"wp:featuredmedia":[{"embeddable":true,"href":"https:\/\/www.pkfeyerabend.org\/fr\/wp-json\/wp\/v2\/media\/1544"}],"wp:attachment":[{"href":"https:\/\/www.pkfeyerabend.org\/fr\/wp-json\/wp\/v2\/media?parent=1532"}],"wp:term":[{"taxonomy":"category","embeddable":true,"href":"https:\/\/www.pkfeyerabend.org\/fr\/wp-json\/wp\/v2\/categories?post=1532"},{"taxonomy":"post_tag","embeddable":true,"href":"https:\/\/www.pkfeyerabend.org\/fr\/wp-json\/wp\/v2\/tags?post=1532"}],"curies":[{"name":"wp","href":"https:\/\/api.w.org\/{rel}","templated":true}]}}