{"id":1717,"date":"2020-05-21T17:59:41","date_gmt":"2020-05-21T15:59:41","guid":{"rendered":"https:\/\/www.pkfeyerabend.org\/?p=1717"},"modified":"2020-08-20T10:34:36","modified_gmt":"2020-08-20T08:34:36","slug":"the-savings-and-loans-cooperative-jardin-azuayo","status":"publish","type":"post","link":"https:\/\/www.pkfeyerabend.org\/fr\/2020\/05\/21\/the-savings-and-loans-cooperative-jardin-azuayo\/","title":{"rendered":"La coop\u00e9rative d&rsquo;\u00e9pargne et de cr\u00e9dit Jardin Azuayo (\u00c9quateur)"},"content":{"rendered":"<p><span lang=\"FR-CH\">La coop\u00e9rative d&rsquo;\u00e9pargne et de cr\u00e9dit Jardin Azuayo (\u00c9quateur) c\u00e9l\u00e8bre des d\u00e9cennies de service et d&rsquo;apprentissage commun et est plus n\u00e9cessaire que jamais.\u00a0 Un magnifique volume illustr\u00e9 par <a href=\"https:\/\/www.pkfeyerabend.org\/en\/2013\/05\/20\/hernan-guillermo-rodas-martinez-equateur-laureat-du-prix-paul-k-feyerabend-2007\/\" target=\"_blank\" rel=\"noopener noreferrer\" data-saferedirecturl=\"https:\/\/www.google.com\/url?q=https:\/\/www.pkfeyerabend.org\/en\/2013\/05\/20\/hernan-guillermo-rodas-martinez-equateur-laureat-du-prix-paul-k-feyerabend-2007\/&amp;source=gmail&amp;ust=1590156908972000&amp;usg=AFQjCNFcxxgZGIgjdYIxkv6QOQpQtZnkLQ\">Hernan Rodas Martinez<\/a> &#8211; laur\u00e9at Paul K. Feyerabend 2007 &#8211; d\u00e9crit l&rsquo;histoire de la coop\u00e9rative et le processus d&rsquo;apprentissage qu&rsquo;elle a g\u00e9n\u00e9r\u00e9.\u00a0 L&rsquo;apprentissage est aujourd&rsquo;hui consolid\u00e9 dans un programme de formation formel sur \u00ab\u00a0Les coop\u00e9ratives, la citoyennet\u00e9 et le leadership\u00a0\u00bb, qui accompagne la croissance professionnelle, personnelle et sociale de centaines de personnes.\u00a0 Les premi\u00e8res ann\u00e9es de ce programme ont aussi \u00e9t\u00e9 soutenues par la Fondation PKF dans le cadre de notre initiative \u00ab\u00a0<a href=\"https:\/\/www.pkfeyerabend.org\/fr\/2014\/01\/16\/les-caisses-communautaires-depargne-et-de-credit-apprendre-ensemble-pour-batir-la-bonne-vie-equateur\/\" target=\"_blank\" rel=\"noopener noreferrer\" data-saferedirecturl=\"https:\/\/www.google.com\/url?q=https:\/\/www.pkfeyerabend.org\/fr\/2014\/01\/16\/les-caisses-communautaires-depargne-et-de-credit-apprendre-ensemble-pour-batir-la-bonne-vie-equateur\/&amp;source=gmail&amp;ust=1590156908972000&amp;usg=AFQjCNEJT55pLWNOnF7JWwBtr1KHqdmSog\">Chemins d\u2019apprentissage communautaire<\/a>\u00ab\u00a0.<\/span><\/p>\n<p>T\u00e9l\u00e9charger les documents (PDF) :<\/p>\n<ul>\n<li><a href=\"https:\/\/www.pkfeyerabend.org\/wp-content\/uploads\/2020\/05\/Somos-Nuestra-Memoria-2019.pdf\">Somos Nuestra Memoria 2019<\/a><\/li>\n<li><a href=\"https:\/\/www.pkfeyerabend.org\/wp-content\/uploads\/2020\/05\/TripticoEducope2020.pdf\">TripticoEducope2020<\/a><\/li>\n<\/ul>\n<p><\/p>","protected":false},"excerpt":{"rendered":"<p>La coop\u00e9rative d&rsquo;\u00e9pargne et de cr\u00e9dit Jardin Azuayo (\u00c9quateur) c\u00e9l\u00e8bre des d\u00e9cennies de service et d&rsquo;apprentissage commun et est plus n\u00e9cessaire que jamais.\u00a0 Un magnifique volume illustr\u00e9 par Hernan Rodas Martinez &#8211; laur\u00e9at Paul K. Feyerabend 2007 &#8211; d\u00e9crit l&rsquo;histoire&#8230;<\/p>\n","protected":false},"author":1,"featured_media":1722,"comment_status":"open","ping_status":"open","sticky":false,"template":"","format":"standard","meta":[],"categories":[1],"tags":[],"_links":{"self":[{"href":"https:\/\/www.pkfeyerabend.org\/fr\/wp-json\/wp\/v2\/posts\/1717"}],"collection":[{"href":"https:\/\/www.pkfeyerabend.org\/fr\/wp-json\/wp\/v2\/posts"}],"about":[{"href":"https:\/\/www.pkfeyerabend.org\/fr\/wp-json\/wp\/v2\/types\/post"}],"author":[{"embeddable":true,"href":"https:\/\/www.pkfeyerabend.org\/fr\/wp-json\/wp\/v2\/users\/1"}],"replies":[{"embeddable":true,"href":"https:\/\/www.pkfeyerabend.org\/fr\/wp-json\/wp\/v2\/comments?post=1717"}],"version-history":[{"count":3,"href":"https:\/\/www.pkfeyerabend.org\/fr\/wp-json\/wp\/v2\/posts\/1717\/revisions"}],"predecessor-version":[{"id":1848,"href":"https:\/\/www.pkfeyerabend.org\/fr\/wp-json\/wp\/v2\/posts\/1717\/revisions\/1848"}],"wp:featuredmedia":[{"embeddable":true,"href":"https:\/\/www.pkfeyerabend.org\/fr\/wp-json\/wp\/v2\/media\/1722"}],"wp:attachment":[{"href":"https:\/\/www.pkfeyerabend.org\/fr\/wp-json\/wp\/v2\/media?parent=1717"}],"wp:term":[{"taxonomy":"category","embeddable":true,"href":"https:\/\/www.pkfeyerabend.org\/fr\/wp-json\/wp\/v2\/categories?post=1717"},{"taxonomy":"post_tag","embeddable":true,"href":"https:\/\/www.pkfeyerabend.org\/fr\/wp-json\/wp\/v2\/tags?post=1717"}],"curies":[{"name":"wp","href":"https:\/\/api.w.org\/{rel}","templated":true}]}}