{"id":1892,"date":"2020-08-29T14:35:54","date_gmt":"2020-08-29T12:35:54","guid":{"rendered":"https:\/\/www.pkfeyerabend.org\/?p=1892"},"modified":"2021-09-06T10:42:58","modified_gmt":"2021-09-06T08:42:58","slug":"radio-communautaire-de-brisas-del-sur-renforcer-la-gouvernance-locale-et-autochtone-dans-la-communaute-mapuche-chono-antunen-rain-sur-la-cote-daysen-au-chili","status":"publish","type":"post","link":"https:\/\/www.pkfeyerabend.org\/fr\/2020\/08\/29\/radio-communautaire-de-brisas-del-sur-renforcer-la-gouvernance-locale-et-autochtone-dans-la-communaute-mapuche-chono-antunen-rain-sur-la-cote-daysen-au-chili\/","title":{"rendered":"Radio communautaire de Brisas del Sur : renforcer la gouvernance locale et autochtone dans la communaut\u00e9 mapuche-chono Antunen Rain sur la c\u00f4te d&rsquo;Ays\u00e9n, au Chili"},"content":{"rendered":"<p>Cette initiative mettra en \u0153uvre une strat\u00e9gie de communication visant \u00e0 renforcer la gouvernance locale et autochtone dans l&rsquo;archipel des Iles Huichas, au large de la r\u00e9gion d&rsquo;Ays\u00e9n en Patagonie chilienne. Le projet aura un impact positif \u00e0 trois niveaux.<\/p>\n<p>Au niveau local, la communaut\u00e9 autochtone Antunen Rain sera renforc\u00e9e par la cr\u00e9ation et la gestion de la radio communautaire Brisas del Sur. Gr\u00e2ce \u00e0 la programmation de la radio, la communaut\u00e9 cr\u00e9era un espace pour d\u00e9battre et susciter l\u2019engagement sur les probl\u00e8mes et les besoins locaux, ainsi qu&rsquo;une plus grande sensibilisation aux droits collectifs et \u00e0 la possibilit\u00e9 de participer au processus de transformation que conna\u00eet actuellement le pays et d&rsquo;en pr\u00e9coniser le changement. Il est essentiel de promouvoir le sauvetage et le renforcement de la culture et de l&rsquo;identit\u00e9 mapuche-chono sur la c\u00f4te et, \u00e0 partir de l\u00e0, de g\u00e9n\u00e9rer des propositions pour le processus constitutionnel qui va bient\u00f4t commencer au Chili. Les travaux viseront \u00e9galement \u00e0 \u00e9laborer un plan de vie pour la communaut\u00e9 en organisant des discussions sur divers sujets d&rsquo;int\u00e9r\u00eat communautaire (par exemple : l&rsquo;environnement, l&rsquo;histoire et l&rsquo;identit\u00e9 autochtones, les droits des autochtones et le processus constitutionnel). Dans toutes les initiatives, une attention particuli\u00e8re sera accord\u00e9e \u00e0 la situation des femmes et des jeunes vivant dans l&rsquo;archipel.<\/p>\n<p>Au niveau du monde autochtone r\u00e9gional, national et international, des r\u00e9seaux de soutien mutuel seront cr\u00e9\u00e9s et renforc\u00e9s. En particulier, une r\u00e9union sera organis\u00e9e entre les communaut\u00e9s autochtones de la r\u00e9gion d&rsquo;Ays\u00e9n, et les populations locales participeront \u00e0 une r\u00e9union des communicateurs autochtones au Chili ou en Argentine. On esp\u00e8re ainsi contribuer au renforcement de l&rsquo;identit\u00e9 de la communaut\u00e9 elle-m\u00eame et d&rsquo;autres communaut\u00e9s autochtones et locales qui traversent des processus similaires. Cette initiative cherchera \u00e9galement \u00e0 \u00e9tablir un r\u00e9seau avec d&rsquo;autres stations de radio communautaires.<\/p>\n<p>Au niveau r\u00e9gional, des actions de plaidoyer politique et de sensibilisation du public seront men\u00e9es pour promouvoir la reconnaissance d&rsquo;une aire marine conserv\u00e9e par les peuples autochtones sur le territoire. Cette initiative vise \u00e0 assurer la protection de la biodiversit\u00e9 marine et c\u00f4ti\u00e8re face \u00e0 la menace de l&rsquo;expansion de l&rsquo;industrie du saumon, qui a d\u00e9j\u00e0 fait des ravages \u00e0 Ays\u00e9n et dans la r\u00e9gion voisine de Los Lagos. Jusqu&rsquo;\u00e0 pr\u00e9sent, la r\u00e9sistance politique au Chili pour reconna\u00eetre les initiatives de conservation autochtones a \u00e9t\u00e9 forte, avec une intensit\u00e9 particuli\u00e8re dans la r\u00e9gion d&rsquo;Ays\u00e9n, \u00e9tant donn\u00e9 les int\u00e9r\u00eats \u00e9conomiques des entreprises de p\u00eache industrielle et d&rsquo;\u00e9levage de saumon sur le territoire. Une autre difficult\u00e9 \u00e0 laquelle il faudra faire face est que l&rsquo;approbation des aires marines prot\u00e9g\u00e9es rel\u00e8ve officiellement de la d\u00e9cision d&rsquo;un organisme appel\u00e9 Commission r\u00e9gionale pour l&rsquo;utilisation de la fronti\u00e8re c\u00f4ti\u00e8re (CRUBC), compos\u00e9 principalement de repr\u00e9sentants du gouvernement. Cette Commission devra statuer sur l&rsquo;initiative de l\u2019aire marine conserv\u00e9e par les peuples autochtones au cours du premier semestre 2021. Toutefois, l&rsquo;exp\u00e9rience d&rsquo;autres communaut\u00e9s a montr\u00e9 qu&rsquo;il est possible d&rsquo;obtenir un vote favorable gr\u00e2ce \u00e0 une information et sensibilisation ad\u00e9quates au niveau r\u00e9gional.\u00a0 Afin de cr\u00e9er une atmosph\u00e8re favorable, il sera n\u00e9cessaire que les repr\u00e9sentants des communaut\u00e9s participent \u00e0 des espaces de discussion et diffusent des informations sur la situation de la c\u00f4te dans les villes de Coyhaique et de Puerto Ays\u00e9n, qui sont les villes les plus peupl\u00e9es de la r\u00e9gion. \u00c0 cette fin, l&rsquo;initiative organisera un \u00e9v\u00e9nement pour informer sur la situation de la c\u00f4te, ses probl\u00e8mes et les menaces auxquelles elle doit faire face, ainsi que sur les propositions des communaut\u00e9s autochtones et locales.<\/p>\n<p><b>Exemple d&rsquo;un programme radio de Brisas del Sur : <\/b><b><span lang=\"ES\"><a href=\"https:\/\/1drv.ms\/u\/s!Appr1OAHbnZOiI5yrqaR1oX-vlGl0Q?e=e6iloY\" target=\"_blank\" rel=\"noopener\" data-saferedirecturl=\"https:\/\/www.google.com\/url?q=https:\/\/1drv.ms\/u\/s!Appr1OAHbnZOiI5yrqaR1oX-vlGl0Q?e%3De6iloY&amp;source=gmail&amp;ust=1630997200512000&amp;usg=AFQjCNEkCZD6gAegMOjf-Bf3vKg0Bm5XaA\"><span lang=\"EN-GB\">https:\/\/1drv.ms\/u\/s!<wbr \/>Appr1OAHbnZOiI5yrqaR1oX-<wbr \/>vlGl0Q?e=e6iloY<\/span><\/a><\/span><\/b><\/p>\n<p>\n\t\t\t<div id='gallery-1892-1' class='gallery gallery-1892'>\n\t\t\t\t<div class='gallery-row gallery-col-3 gallery-clear'>\n\t\t\t\t\t<figure class='gallery-item col-3'>\n\t\t\t\t\t\t<div class='gallery-icon '><a href='https:\/\/www.pkfeyerabend.org\/wp-content\/uploads\/2020\/08\/Puerto-Aguirre-scaled.jpg'><img width=\"150\" height=\"150\" src=\"https:\/\/www.pkfeyerabend.org\/wp-content\/uploads\/2020\/08\/Puerto-Aguirre-150x150.jpg\" class=\"attachment-thumbnail size-thumbnail\" alt=\"\" decoding=\"async\" loading=\"lazy\" \/><\/a><\/div>\n\t\t\t\t\t<\/figure>\n\t\t\t\t\t<figure class='gallery-item col-3'>\n\t\t\t\t\t\t<div class='gallery-icon '><a href='https:\/\/www.pkfeyerabend.org\/wp-content\/uploads\/2020\/08\/Puerto-Aguirre-2-scaled.jpg'><img width=\"150\" height=\"150\" src=\"https:\/\/www.pkfeyerabend.org\/wp-content\/uploads\/2020\/08\/Puerto-Aguirre-2-150x150.jpg\" class=\"attachment-thumbnail size-thumbnail\" alt=\"\" decoding=\"async\" loading=\"lazy\" \/><\/a><\/div>\n\t\t\t\t\t<\/figure>\n\t\t\t\t\t<figure class='gallery-item col-3'>\n\t\t\t\t\t\t<div class='gallery-icon '><a href='https:\/\/www.pkfeyerabend.org\/wp-content\/uploads\/2020\/08\/possible-main-picture-Chile-photo-4-Programa-de-Mujeres.png'><img width=\"150\" height=\"150\" src=\"https:\/\/www.pkfeyerabend.org\/wp-content\/uploads\/2020\/08\/possible-main-picture-Chile-photo-4-Programa-de-Mujeres-150x150.png\" class=\"attachment-thumbnail size-thumbnail\" alt=\"\" decoding=\"async\" loading=\"lazy\" \/><\/a><\/div>\n\t\t\t\t\t<\/figure>\n\t\t\t\t<\/div>\n\t\t\t\t<div class='gallery-row gallery-col-3 gallery-clear'>\n\t\t\t\t\t<figure class='gallery-item col-3'>\n\t\t\t\t\t\t<div class='gallery-icon '><a href='https:\/\/www.pkfeyerabend.org\/wp-content\/uploads\/2020\/08\/Chile-photo-3-Haciendo-radio-con-los-ni\u00f1os.png'><img width=\"150\" height=\"150\" src=\"https:\/\/www.pkfeyerabend.org\/wp-content\/uploads\/2020\/08\/Chile-photo-3-Haciendo-radio-con-los-ni\u00f1os-150x150.png\" class=\"attachment-thumbnail size-thumbnail\" alt=\"\" decoding=\"async\" loading=\"lazy\" \/><\/a><\/div>\n\t\t\t\t\t<\/figure>\n\t\t\t\t\t<figure class='gallery-item col-3'>\n\t\t\t\t\t\t<div class='gallery-icon '><a href='https:\/\/www.pkfeyerabend.org\/wp-content\/uploads\/2020\/08\/Chile-photo-2-Haciendo-radio-con-los-ni\u00f1os.png'><img width=\"150\" height=\"150\" src=\"https:\/\/www.pkfeyerabend.org\/wp-content\/uploads\/2020\/08\/Chile-photo-2-Haciendo-radio-con-los-ni\u00f1os-150x150.png\" class=\"attachment-thumbnail size-thumbnail\" alt=\"\" decoding=\"async\" loading=\"lazy\" \/><\/a><\/div>\n\t\t\t\t\t<\/figure>\n\t\t\t\t\t<figure class='gallery-item col-3'>\n\t\t\t\t\t\t<div class='gallery-icon '><a href='https:\/\/www.pkfeyerabend.org\/wp-content\/uploads\/2020\/08\/Chile-photo-1-Reuni\u00f3n-al-aire-libre-en-contexto-de-pandemia.png'><img width=\"150\" height=\"150\" src=\"https:\/\/www.pkfeyerabend.org\/wp-content\/uploads\/2020\/08\/Chile-photo-1-Reuni\u00f3n-al-aire-libre-en-contexto-de-pandemia-150x150.png\" class=\"attachment-thumbnail size-thumbnail\" alt=\"\" decoding=\"async\" loading=\"lazy\" \/><\/a><\/div>\n\t\t\t\t\t<\/figure>\n\t\t\t\t<\/div>\n\t\t\t<\/div><!-- .gallery -->\n<\/p>","protected":false},"excerpt":{"rendered":"<p>Cette initiative mettra en \u0153uvre une strat\u00e9gie de communication visant \u00e0 renforcer la gouvernance locale et autochtone dans l&rsquo;archipel des Iles Huichas, au large de la r\u00e9gion d&rsquo;Ays\u00e9n en Patagonie chilienne. Le projet aura un impact positif \u00e0 trois niveaux&#8230;.<\/p>\n","protected":false},"author":1,"featured_media":1896,"comment_status":"open","ping_status":"open","sticky":false,"template":"","format":"standard","meta":[],"categories":[44],"tags":[],"_links":{"self":[{"href":"https:\/\/www.pkfeyerabend.org\/fr\/wp-json\/wp\/v2\/posts\/1892"}],"collection":[{"href":"https:\/\/www.pkfeyerabend.org\/fr\/wp-json\/wp\/v2\/posts"}],"about":[{"href":"https:\/\/www.pkfeyerabend.org\/fr\/wp-json\/wp\/v2\/types\/post"}],"author":[{"embeddable":true,"href":"https:\/\/www.pkfeyerabend.org\/fr\/wp-json\/wp\/v2\/users\/1"}],"replies":[{"embeddable":true,"href":"https:\/\/www.pkfeyerabend.org\/fr\/wp-json\/wp\/v2\/comments?post=1892"}],"version-history":[{"count":2,"href":"https:\/\/www.pkfeyerabend.org\/fr\/wp-json\/wp\/v2\/posts\/1892\/revisions"}],"predecessor-version":[{"id":2393,"href":"https:\/\/www.pkfeyerabend.org\/fr\/wp-json\/wp\/v2\/posts\/1892\/revisions\/2393"}],"wp:featuredmedia":[{"embeddable":true,"href":"https:\/\/www.pkfeyerabend.org\/fr\/wp-json\/wp\/v2\/media\/1896"}],"wp:attachment":[{"href":"https:\/\/www.pkfeyerabend.org\/fr\/wp-json\/wp\/v2\/media?parent=1892"}],"wp:term":[{"taxonomy":"category","embeddable":true,"href":"https:\/\/www.pkfeyerabend.org\/fr\/wp-json\/wp\/v2\/categories?post=1892"},{"taxonomy":"post_tag","embeddable":true,"href":"https:\/\/www.pkfeyerabend.org\/fr\/wp-json\/wp\/v2\/tags?post=1892"}],"curies":[{"name":"wp","href":"https:\/\/api.w.org\/{rel}","templated":true}]}}