{"id":1914,"date":"2020-08-29T15:00:39","date_gmt":"2020-08-29T13:00:39","guid":{"rendered":"https:\/\/www.pkfeyerabend.org\/?p=1914"},"modified":"2020-08-29T15:01:54","modified_gmt":"2020-08-29T13:01:54","slug":"henri-rakotoson-lunion-fait-la-force-pour-les-communautes-de-madagascar","status":"publish","type":"post","link":"https:\/\/www.pkfeyerabend.org\/fr\/2020\/08\/29\/henri-rakotoson-lunion-fait-la-force-pour-les-communautes-de-madagascar\/","title":{"rendered":"Henri Rakotoson : l\u2019union fait la force pour les communaut\u00e9s de Madagascar !"},"content":{"rendered":"<p>Henri Rakotoson est un leader tr\u00e8s actif dans la d\u00e9fense des droits des communaut\u00e9s locales \u00e0 une vie digne par l\u2019acc\u00e8s \u00e9quitable \u00e0 la terre, l\u2019eau et aux autres dons de la nature. Il m\u00e8ne des actions dans sa communaut\u00e9, mais aussi au niveau national \u00e0 Madagascar. Ses ma\u00eetres mots sont\u00a0: \u00ab\u00a0\u00eatre au service de sa communaut\u00e9 et du pays\u00a0\u00bb et \u00ab\u00a0partager les facteurs cl\u00e9 de succ\u00e8s avec ses pairs\u00a0\u00bb.<\/p>\n<p>Henri a d\u00e9but\u00e9 son engagement en tant que chef de Fokontany, c\u2019est-\u00e0-dire repr\u00e9sentant de l\u2019administration de proximit\u00e9, et dans ce r\u00f4le il a dirig\u00e9 des initiatives de d\u00e9veloppement au sein de son territoire de vie. Son travail a promu diverses actions de solidarit\u00e9 communautaire, suivies par la mise en place d\u2019une organisation communautaire de base, avec plusieurs groupes engag\u00e9s \u00e0 pr\u00e9server et g\u00e9rer durablement un lac de 90ha et 45ha de vestiges de for\u00eat sur la colline d\u2019Ambohitsokina. \u00a0Quatre communaut\u00e9s locales riveraines comprenant 340 m\u00e9nages ont travaill\u00e9 ensemble pour am\u00e9nager leurs bassins versants et r\u00e9habiliter le lac. Avec le temps, un syst\u00e8me de gouvernance communautaire s\u2019est install\u00e9 pour assurer la gestion durable de l\u2019eau et de la biodiversit\u00e9 locale. D\u2019autres communaut\u00e9s dans les localit\u00e9s avoisinantes ont ensuite rejoint les premi\u00e8res et cr\u00e9\u00e9 la coop\u00e9rative FIFIMPAVA.<\/p>\n<p>La coop\u00e9rative a permis d\u2019am\u00e9liorer les sources de revenus des p\u00eacheurs en leur assurant l\u2019acc\u00e8s au march\u00e9 et une certaine ma\u00eetrise sur le prix des produits halieutiques.\u00a0 Entretemps, et gr\u00e2ce \u00e0 l\u2019autodiscipline, la gestion durable et \u00e9quitable du lac a permis d\u2019am\u00e9liorer les sources de revenus des familles regroup\u00e9es dans l\u2019association des usagers de l\u2019eau. Les familles d\u2019agriculteurs b\u00e9n\u00e9ficient de quelques activit\u00e9s de p\u00eache mais surtout de l\u2019eau du lac pour irriguer leurs terrains de culture de contre-saison. Durant le mandat d\u2019Henri, une \u00e9cole primaire publique a aussi \u00e9t\u00e9 r\u00e9habilit\u00e9e et deux nouvelles salles de classe ont \u00e9t\u00e9 construites \u00e0 l\u2019initiative de l\u2019association des parents d\u2019\u00e9l\u00e8ves qu\u2019il a pr\u00e9sid\u00e9e. Les initiatives communautaires ont ainsi assur\u00e9 des moyens de subsistance durable pour environ 3500 personnes mais aussi l\u2019acc\u00e8s \u00e0 l\u2019\u00e9ducation primaire pour 250 \u00e9l\u00e8ves.<\/p>\n<p>A une \u00e9poque, Henri a d\u00fb farouchement d\u00e9fendre 25ha du territoire de vie de sa communaut\u00e9 contre une exploitation agricole soi-disant \u2018moderne\u2019, mais en fait polluante, non-durable et au profit exclusif d\u2019un grand op\u00e9rateur \u00e9conomique. Il a r\u00e9ussi \u00e0 convaincre plusieurs conseillers municipaux de s\u2019opposer \u00e0 ce projet d\u2019exploitation et de prononcer une suspension de cet accord entre leur commune et l\u2019op\u00e9rateur \u00e9conomique. Pendant presque six mois, il a \u00e9t\u00e9 victime de repr\u00e9sailles et d\u2019intimidation de la part des forces de l\u2019ordre pour qu\u2019il renonce \u00e0 sa r\u00e9sistance\u2026 mais il n\u2019a jamais fait marche arri\u00e8re et a continu\u00e9 \u00e0 d\u00e9fendre les terres communautaires au niveau de toutes les instances comp\u00e9tentes jusqu\u2019\u00e0 obtenir gain de cause.<\/p>\n<p>Henri est issu du monde rural et fait vivre sa famille avec ses activit\u00e9s de p\u00eache et d\u2019agriculture comme tous les habitants de sa localit\u00e9 et les membres de sa coop\u00e9rative, \u00e0 7 km de la ville d\u2019Antsirabe. Il travaille tous les jours au sein du bureau de la coop\u00e9rative, apr\u00e8s la p\u00eache matinale et la collecte de poissons destin\u00e9s \u00e0 la vente au bureau et aux trois points de vente de la coop\u00e9rative. \u00a0Mais Henri est aussi convaincu du bien-fond\u00e9 de la solidarit\u00e9 et du fait que \u00ab\u00a0l\u2019union fait la force\u00a0\u00bb.\u00a0 En 2012, il a rejoint le r\u00e9seau national des gestionnaires de ressources naturelles \u00e0 Madagascar appel\u00e9 TAFO MIHAAVO, dont il est devenu Tr\u00e9sorier.<\/p>\n<p>TAFO MIHAAVO est un mouvement pour la reconnaissance des droits et responsabilit\u00e9s des communaut\u00e9s locales dans la gouvernance et la gestion durable de la biodiversit\u00e9 de leurs territoires de vie. \u00a0Convaincu du besoin d\u2019assurer l\u2019autonomie financi\u00e8re des communaut\u00e9s locales qui gouvernent leurs ressources naturelles, Henri a facilit\u00e9 le d\u00e9veloppement d\u2019un r\u00e9seau de coop\u00e9ratives r\u00e9gionales reposant sur les principes de valorisation et d\u2019utilisation durable des ressources naturelles et des savoir-faire locaux. Pour cela, il continue \u00e0 parcourir le pays pour partager son exp\u00e9rience et renforcer les capacit\u00e9s de ses pairs. Ses efforts alliant la conservation des ressources naturelles et l\u2019autonomie financi\u00e8re des communaut\u00e9s locales sont un mod\u00e8le \u00e0 suivre pour assurer des modes de vie \u00e0 la fois meilleurs et plus durables \u00e0 Madagascar.<\/p>\n<p>\n\t\t\t<div id='gallery-1914-1' class='gallery gallery-1914'>\n\t\t\t\t<div class='gallery-row gallery-col-2 gallery-clear'>\n\t\t\t\t\t<figure class='gallery-item col-2'>\n\t\t\t\t\t\t<div class='gallery-icon '><a href='https:\/\/www.pkfeyerabend.org\/wp-content\/uploads\/2020\/08\/Reunion-VOI-TAMIA-scaled.jpg'><img width=\"150\" height=\"150\" src=\"https:\/\/www.pkfeyerabend.org\/wp-content\/uploads\/2020\/08\/Reunion-VOI-TAMIA-150x150.jpg\" class=\"attachment-thumbnail size-thumbnail\" alt=\"\" decoding=\"async\" loading=\"lazy\" \/><\/a><\/div>\n\t\t\t\t\t<\/figure>\n\t\t\t\t\t<figure class='gallery-item col-2'>\n\t\t\t\t\t\t<div class='gallery-icon '><a href='https:\/\/www.pkfeyerabend.org\/wp-content\/uploads\/2020\/08\/IMG_1173-scaled.jpg'><img width=\"150\" height=\"150\" src=\"https:\/\/www.pkfeyerabend.org\/wp-content\/uploads\/2020\/08\/IMG_1173-150x150.jpg\" class=\"attachment-thumbnail size-thumbnail\" alt=\"\" decoding=\"async\" loading=\"lazy\" \/><\/a><\/div>\n\t\t\t\t\t<\/figure>\n\t\t\t\t<\/div>\n\t\t\t\t<div class='gallery-row gallery-col-2 gallery-clear'>\n\t\t\t\t\t<figure class='gallery-item col-2'>\n\t\t\t\t\t\t<div class='gallery-icon '><a href='https:\/\/www.pkfeyerabend.org\/wp-content\/uploads\/2020\/08\/IMG_0609-scaled.jpg'><img width=\"150\" height=\"150\" src=\"https:\/\/www.pkfeyerabend.org\/wp-content\/uploads\/2020\/08\/IMG_0609-150x150.jpg\" class=\"attachment-thumbnail size-thumbnail\" alt=\"\" decoding=\"async\" loading=\"lazy\" \/><\/a><\/div>\n\t\t\t\t\t<\/figure>\n\t\t\t\t\t<figure class='gallery-item col-2'>\n\t\t\t\t\t\t<div class='gallery-icon '><a href='https:\/\/www.pkfeyerabend.org\/wp-content\/uploads\/2020\/08\/Henri-main-picture-scaled.jpg'><img width=\"150\" height=\"150\" src=\"https:\/\/www.pkfeyerabend.org\/wp-content\/uploads\/2020\/08\/Henri-main-picture-150x150.jpg\" class=\"attachment-thumbnail size-thumbnail\" alt=\"\" decoding=\"async\" loading=\"lazy\" \/><\/a><\/div>\n\t\t\t\t\t<\/figure>\n\t\t\t\t<\/div>\n\t\t\t<\/div><!-- .gallery -->\n<\/p>","protected":false},"excerpt":{"rendered":"<p>Henri Rakotoson est un leader tr\u00e8s actif dans la d\u00e9fense des droits des communaut\u00e9s locales \u00e0 une vie digne par l\u2019acc\u00e8s \u00e9quitable \u00e0 la terre, l\u2019eau et aux autres dons de la nature. Il m\u00e8ne des actions dans sa communaut\u00e9,&#8230;<\/p>\n","protected":false},"author":1,"featured_media":1915,"comment_status":"open","ping_status":"open","sticky":false,"template":"","format":"standard","meta":[],"categories":[45],"tags":[],"_links":{"self":[{"href":"https:\/\/www.pkfeyerabend.org\/fr\/wp-json\/wp\/v2\/posts\/1914"}],"collection":[{"href":"https:\/\/www.pkfeyerabend.org\/fr\/wp-json\/wp\/v2\/posts"}],"about":[{"href":"https:\/\/www.pkfeyerabend.org\/fr\/wp-json\/wp\/v2\/types\/post"}],"author":[{"embeddable":true,"href":"https:\/\/www.pkfeyerabend.org\/fr\/wp-json\/wp\/v2\/users\/1"}],"replies":[{"embeddable":true,"href":"https:\/\/www.pkfeyerabend.org\/fr\/wp-json\/wp\/v2\/comments?post=1914"}],"version-history":[{"count":2,"href":"https:\/\/www.pkfeyerabend.org\/fr\/wp-json\/wp\/v2\/posts\/1914\/revisions"}],"predecessor-version":[{"id":1920,"href":"https:\/\/www.pkfeyerabend.org\/fr\/wp-json\/wp\/v2\/posts\/1914\/revisions\/1920"}],"wp:featuredmedia":[{"embeddable":true,"href":"https:\/\/www.pkfeyerabend.org\/fr\/wp-json\/wp\/v2\/media\/1915"}],"wp:attachment":[{"href":"https:\/\/www.pkfeyerabend.org\/fr\/wp-json\/wp\/v2\/media?parent=1914"}],"wp:term":[{"taxonomy":"category","embeddable":true,"href":"https:\/\/www.pkfeyerabend.org\/fr\/wp-json\/wp\/v2\/categories?post=1914"},{"taxonomy":"post_tag","embeddable":true,"href":"https:\/\/www.pkfeyerabend.org\/fr\/wp-json\/wp\/v2\/tags?post=1914"}],"curies":[{"name":"wp","href":"https:\/\/api.w.org\/{rel}","templated":true}]}}