{"id":2460,"date":"2021-11-29T10:31:01","date_gmt":"2021-11-29T09:31:01","guid":{"rendered":"https:\/\/www.pkfeyerabend.org\/?p=2460"},"modified":"2022-02-08T16:06:19","modified_gmt":"2022-02-08T15:06:19","slug":"la-lutte-continue-sur-la-cote-caribeenne-du-nicaragua","status":"publish","type":"post","link":"https:\/\/www.pkfeyerabend.org\/fr\/2021\/11\/29\/la-lutte-continue-sur-la-cote-caribeenne-du-nicaragua\/","title":{"rendered":"La lutte continue sur la c\u00f4te carib\u00e9enne du Nicaragua"},"content":{"rendered":"<p>Parmi les mauvaises nouvelles de cette ann\u00e9e, il faut d\u00e9plorer un massacre qui a touch\u00e9 en ao\u00fbt 2021 les communaut\u00e9s autochtones Miskitu et Mayangna vivant sur la c\u00f4te cara\u00efbe du Nicaragua.\u00a0 Au moins 11 personnes y ont perdu la vie dans le cadre d&rsquo;une escalade de violence et de d\u00e9possession inflig\u00e9e aux communaut\u00e9s autochtones par des colons (\u00ab\u00a0colonos\u00a0\u00bb) venus exploiter ill\u00e9galement les for\u00eats, les mines d&rsquo;or et le b\u00e9tail dans la r\u00e9gion. Non seulement le gouvernement nicaraguayen n&rsquo;a pas fait respecter les protections l\u00e9gales des terres autochtones, mais il joue en fait un r\u00f4le actif dans la colonisation et l&rsquo;exploitation.\u00a0 Depuis 2015, les colons ont maintenant tu\u00e9 plus de 60 autochtones au Nicaragua, tandis que de nombreuses autres personnes ont \u00e9t\u00e9 d\u00e9plac\u00e9es, selon le Centre pour la justice et les droits humains sur la c\u00f4te atlantique du Nicaragua (CEJUDHCAN).<\/p>\n<p>\u00ab\u00a0Malgr\u00e9 la reconnaissance de ces terres comme territoires autonomes par la l\u00e9gislation du pays, le gouvernement Ortega a fortement encourag\u00e9 l&rsquo;exploitation mini\u00e8re de l&rsquo;or, la foresterie commerciale et l&rsquo;\u00e9levage de b\u00e9tail depuis son arriv\u00e9e au pouvoir en 2007 &#8211; \u00e0 la fois par ses actions et ses omissions\u00a0\u00bb, a d\u00e9clar\u00e9 Anuradha Mittal, directrice ex\u00e9cutive de l&rsquo;Oakland Institute. \u00ab\u00a0Le r\u00e9sultat a \u00e9t\u00e9 un afflux de colons [connus localement sous le nom de <em>colonos<\/em>] sur ces terres, qui continuent de s&#8217;emparer des terres et de tuer les communaut\u00e9s autochtones en toute impunit\u00e9\u00a0\u00bb, a ajout\u00e9 Mme Mittal.<\/p>\n<p>Le silence international autour de l&rsquo;incapacit\u00e9 du gouvernement nicaraguayen \u00e0 faire respecter les lois nationales, de sa collusion avec les int\u00e9r\u00eats commerciaux et de son r\u00f4le actif dans la colonisation des terres prot\u00e9g\u00e9es a \u00e9t\u00e9 bris\u00e9 par le rapport de l&rsquo;Oakland Institute intitul\u00e9 <a href=\"https:\/\/www.oaklandinstitute.org\/nicaragua-failed-revolution-indigenous-struggle-saneamiento\">Nicaragua&rsquo;s Failed Revolution<\/a>. Ce rapport a \u00e9galement mis en avant des t\u00e9moignages de premi\u00e8re main sur le fait que le gouvernement n&rsquo;a pas donn\u00e9 suite aux rapports de violence et d&rsquo;assassinats des membres de la communaut\u00e9 autochtone Miskitu depuis 2015. Le m\u00eame cycle s&rsquo;est poursuivi avec ce dernier massacre ; ni la police ni l&rsquo;arm\u00e9e n&rsquo;avaient enqu\u00eat\u00e9 sur l&rsquo;affaire dans les jours qui ont imm\u00e9diatement suivi les meurtres, ni reconnu que l&rsquo;incident s&rsquo;\u00e9tait produit.<\/p>\n<p>\u00ab\u00a0Les colons continuent de tuer notre peuple en toute impunit\u00e9\u00a0\u00bb, a d\u00e9clar\u00e9 la laur\u00e9ate du prix Paul K. Feyerabend, Lottie Cunningham, fondatrice et directrice du CEJUDHCAN. \u00ab\u00a0L&rsquo;\u00c9tat a ignor\u00e9 nos demandes d&rsquo;enqu\u00eate et de poursuite des meurtres pass\u00e9s aux mains des colons, et maintenant les autorit\u00e9s refusent m\u00eame de reconna\u00eetre que ce massacre a eu lieu. Cette impunit\u00e9 garantit que d&rsquo;autres massacres comme celui-ci se produiront.\u00a0\u00bb<\/p>\n<p>L&rsquo;ann\u00e9e derni\u00e8re, l&rsquo;attention internationale port\u00e9e au m\u00e9pris du gouvernement nicaraguayen pour le bien-\u00eatre des populations autochtones s&rsquo;est accrue. Lors de la 46e session du Conseil des droits de l&rsquo;homme des Nations unies, le haut-commissaire des Nations unies aux droits de l&rsquo;homme a exhort\u00e9 le gouvernement nicaraguayen, dirig\u00e9 par le pr\u00e9sident Daniel Ortega, \u00e0 \u00ab\u00a0prendre des mesures efficaces, en consultation avec les peuples \u00a0autochtones, pour pr\u00e9venir et combattre la violence croissante dont ils sont victimes, notamment en menant rapidement des enqu\u00eates ind\u00e9pendantes sur les meurtres et les saisies de terres qui auraient \u00e9t\u00e9 commis par des groupes arm\u00e9s\u00a0\u00bb. Cette d\u00e9marche a \u00e9t\u00e9 suivie d&rsquo;une audience publique organis\u00e9e par la Commission interam\u00e9ricaine des droits de l&rsquo;homme sur les impacts de la colonisation des terres autochtones de la c\u00f4te cara\u00efbe en mars 2021. Il est raisonnable de douter qu&rsquo;Ortega &#8211; tout juste vainqueur d&rsquo;une farce d&rsquo;\u00e9lections libres &#8211; entende cet appel.<\/p>","protected":false},"excerpt":{"rendered":"<p>Parmi les mauvaises nouvelles de cette ann\u00e9e, il faut d\u00e9plorer un massacre qui a touch\u00e9 en ao\u00fbt 2021 les communaut\u00e9s autochtones Miskitu et Mayangna vivant sur la c\u00f4te cara\u00efbe du Nicaragua.\u00a0 Au moins 11 personnes y ont perdu la vie&#8230;<\/p>\n","protected":false},"author":1,"featured_media":2461,"comment_status":"open","ping_status":"open","sticky":false,"template":"","format":"standard","meta":[],"categories":[1],"tags":[],"_links":{"self":[{"href":"https:\/\/www.pkfeyerabend.org\/fr\/wp-json\/wp\/v2\/posts\/2460"}],"collection":[{"href":"https:\/\/www.pkfeyerabend.org\/fr\/wp-json\/wp\/v2\/posts"}],"about":[{"href":"https:\/\/www.pkfeyerabend.org\/fr\/wp-json\/wp\/v2\/types\/post"}],"author":[{"embeddable":true,"href":"https:\/\/www.pkfeyerabend.org\/fr\/wp-json\/wp\/v2\/users\/1"}],"replies":[{"embeddable":true,"href":"https:\/\/www.pkfeyerabend.org\/fr\/wp-json\/wp\/v2\/comments?post=2460"}],"version-history":[{"count":1,"href":"https:\/\/www.pkfeyerabend.org\/fr\/wp-json\/wp\/v2\/posts\/2460\/revisions"}],"predecessor-version":[{"id":2462,"href":"https:\/\/www.pkfeyerabend.org\/fr\/wp-json\/wp\/v2\/posts\/2460\/revisions\/2462"}],"wp:featuredmedia":[{"embeddable":true,"href":"https:\/\/www.pkfeyerabend.org\/fr\/wp-json\/wp\/v2\/media\/2461"}],"wp:attachment":[{"href":"https:\/\/www.pkfeyerabend.org\/fr\/wp-json\/wp\/v2\/media?parent=2460"}],"wp:term":[{"taxonomy":"category","embeddable":true,"href":"https:\/\/www.pkfeyerabend.org\/fr\/wp-json\/wp\/v2\/categories?post=2460"},{"taxonomy":"post_tag","embeddable":true,"href":"https:\/\/www.pkfeyerabend.org\/fr\/wp-json\/wp\/v2\/tags?post=2460"}],"curies":[{"name":"wp","href":"https:\/\/api.w.org\/{rel}","templated":true}]}}