{"id":2775,"date":"2023-10-03T16:11:26","date_gmt":"2023-10-03T14:11:26","guid":{"rendered":"https:\/\/www.pkfeyerabend.org\/?p=2775"},"modified":"2023-10-03T16:13:25","modified_gmt":"2023-10-03T14:13:25","slug":"construire-un-plan-de-vie-pour-renforcer-la-gouvernance-environnementale-communautaire-marine-cotiere-de-la-commune-ancestrale-de-puerto-cabuyal-equateur","status":"publish","type":"post","link":"https:\/\/www.pkfeyerabend.org\/fr\/2023\/10\/03\/construire-un-plan-de-vie-pour-renforcer-la-gouvernance-environnementale-communautaire-marine-cotiere-de-la-commune-ancestrale-de-puerto-cabuyal-equateur\/","title":{"rendered":"Construire un plan de vie pour renforcer la gouvernance environnementale communautaire marine c\u00f4ti\u00e8re de la commune ancestrale de Puerto Cabuyal (\u00c9quateur)"},"content":{"rendered":"<p>Cette initiative promeut l&rsquo;auto-renforcement du territoire de vie marin-c\u00f4tier d&rsquo;une petite communaut\u00e9 &#8211; la Comuna de Puerto Cabuyal (CPC) &#8211; dans la paroisse de Canoa, canton de San Vicente, province de Manab\u00ed, \u00c9quateur.\u00a0 Il s&rsquo;agit d&rsquo;une communaut\u00e9 ancestrale et solidaire de p\u00eacheurs artisanaux qui, en d\u00e9cembre 2022, comptait 146 habitants au total. Au cours des 100 derni\u00e8res ann\u00e9es, des femmes et des hommes ont v\u00e9cu dans la paix et la tranquillit\u00e9, appr\u00e9ciant leur interd\u00e9pendance avec l&rsquo;oc\u00e9an, la plage et la for\u00eat.\u00a0 Leur territoire de vie est une bande c\u00f4ti\u00e8re d&rsquo;environ 7 km de long et 1 km de large &#8211; 410 hectares &#8211; connue comme l&rsquo;ancienne zone d&rsquo;occupation de la culture Mante\u00f1a du nord de la chefferie de Los Pasos (600 &#8211; 1534 apr. J.-C.).<\/p>\n<p>Le patrimoine naturel marin c\u00f4tier de la commune de Puerto Cabuyal comprend une riche biodiversit\u00e9 end\u00e9mique, abritant l&rsquo;un des derniers vestiges de for\u00eat s\u00e8che sur la c\u00f4te nord-ouest de l&rsquo;\u00c9quateur. Cette for\u00eat fournit d&rsquo;importants services \u00e9cosyst\u00e9miques et fonctions socioculturelles, mais elle est malheureusement soumise \u00e0 des pressions et menaces anthropog\u00e9niques qui la fragmentent et la d\u00e9gradent, transformant son utilisation des sols en p\u00e2turages ou en monocultures de ma\u00efs. Malgr\u00e9 la richesse naturelle, des conditions de pauvret\u00e9 multidimensionnelle toutefois existent dans la communaut\u00e9, avec privation des droits et des services de base, un acc\u00e8s limit\u00e9 \u00e0 l&rsquo;eau potable, de mauvaises conditions sanitaires, des revenus insuffisants, entre autres.<\/p>\n<p>En janvier 2021, le <a href=\"https:\/\/puertocabuyal.serambientec.org\/es\/\">CPC<\/a> a \u00e9tabli un partenariat\/collaboration avec la Fundaci\u00f3n Ser Ambiente (FSA) afin d&rsquo;identifier et de lancer des actions de d\u00e9veloppement communautaire durable. Ces actions doivent se compl\u00e9ter et se fondre harmonieusement dans un plan directeur bas\u00e9 sur les relations pass\u00e9es, pr\u00e9sentes et futures entre la communaut\u00e9 et son territoire de vie &#8211; un Plan de Vida \u00e0 construire collectivement et de mani\u00e8re participative. L&rsquo;id\u00e9e cl\u00e9 soutenue par la Fondation Paul K. Feyerabend est de <strong>renforcer la gouvernance environnementale communautaire du territoire de vie <\/strong>de la Commune de Puerto Cabuyal, en s&rsquo;appuyant sur une compr\u00e9hension approfondie de sa propre situation (par exemple, en mati\u00e8re d&rsquo;\u00e9conomie, de biodiversit\u00e9, de changement climatique, de genre&#8230;) et des diff\u00e9rentes dimensions de sa propre vuln\u00e9rabilit\u00e9 sociale et \u00e9cologique.<\/p>\n<p>Le processus de construction collective du plan de vie permettra de cr\u00e9er des espaces collectifs de rencontre et de discussion avec des groupes focaux diff\u00e9renci\u00e9s, tels que les femmes, l\u2019\u00e9cole communautaire, les associations de p\u00eacheurs, et les jeunes.\u00a0 Elle permettra \u00e9galement d&rsquo;acc\u00e9der \u00e0 diff\u00e9rents types d&rsquo;informations et de valoriser le potentiel humain et naturel de la communaut\u00e9 elle-m\u00eame.\u00a0 Des cartes et un diagnostic actualis\u00e9 du territoire de vie de la communaut\u00e9 seront cr\u00e9\u00e9s afin de refl\u00e9ter de fa\u00e7on collective et de mieux encadrer les futurs projets de d\u00e9veloppement durable et de r\u00e9silience climatique. Toutes les activit\u00e9s seront accompagn\u00e9es d&rsquo;une strat\u00e9gie et d&rsquo;un plan de communication. La commune de Puerto Cabuyal est membre du Consortium APAC depuis 2021 et utilisera le Guide du processus d&rsquo;auto-renforcement du Consortium, y compris l&rsquo;enregistrement de son territoire marin c\u00f4tier vivant dans le registre mondial des APAC.<\/p>\n<p>L&rsquo;initiative est soutenue par une \u00e9quipe d&rsquo;animation locale, comprenant des femmes de la commune, l&rsquo;Association des P\u00eacheurs ASOPROCABUY, le Cabildo de la commune et la Fundaci\u00f3n Ser Ambiente en tant qu&rsquo;organe technique et administratif. Le plan de vie devrait inclure des actions pour la d\u00e9fense, la s\u00e9curit\u00e9 et la r\u00e9glementation juridique du territoire de la commune, la sauvegarde de l&rsquo;identit\u00e9 culturelle de la communaut\u00e9, l&rsquo;utilisation durable de son patrimoine naturel et culturel, le renversement des activit\u00e9s de production non durables (monocultures), la conservation des sources d&rsquo;eau, des \u00e9cosyst\u00e8mes et de la biodiversit\u00e9, la cr\u00e9ation de nouvelles opportunit\u00e9s pour les femmes, et plus encore&#8230; En bref, le Plan de Vida est cens\u00e9 \u00eatre le guide dynamique et prioritaire de la gouvernance et de l&rsquo;autod\u00e9termination de la commune de Puerto Cabuyal sur son territoire de vie marin-c\u00f4tier.\u00a0 Au-del\u00e0 du plan, les processus m\u00eames d&rsquo;auto-renforcement et de cr\u00e9ation du plan seront, en eux-m\u00eames, des r\u00e9sultats cruciaux de cette initiative.<\/p>\n<p><strong>Pour plus d\u2019information:<\/strong><\/p>\n<ul>\n<li><a href=\"https:\/\/www.albordearq.com\/las-tres-esperanzas-the-three-hopes\">https:\/\/www.albordearq.com\/las-tres-esperanzas-the-three-hopes<\/a><\/li>\n<li><a href=\"https:\/\/vimeo.com\/111908559?embedded=true&amp;source=vimeo_logo&amp;owner=27735282\">https:\/\/vimeo.com\/111908559?embedded=true&amp;source=vimeo_logo&amp;owner=27735282<\/a><\/li>\n<li><a href=\"https:\/\/puertocabuyal.serambientec.org\/blog\/alerta-legalizacion-definitiva-de-tierras-comunitarias\/\">https:\/\/puertocabuyal.serambientec.org\/blog\/alerta-legalizacion-definitiva-de-tierras-comunitarias\/<\/a><\/li>\n<li><a href=\"https:\/\/mushukaway.weebly.com\/\">http:\/\/www.fundacionaldea.org\/redticcaec\/puertocabuyal<\/a><\/li>\n<\/ul>\n<p>\n\t\t\t<div id='gallery-2775-1' class='gallery gallery-2775'>\n\t\t\t\t<div class='gallery-row gallery-col-3 gallery-clear'>\n\t\t\t\t\t<figure class='gallery-item col-3'>\n\t\t\t\t\t\t<div class='gallery-icon '><a href='https:\/\/www.pkfeyerabend.org\/wp-content\/uploads\/2023\/10\/IMG_8127.jpg'><img width=\"150\" height=\"150\" src=\"https:\/\/www.pkfeyerabend.org\/wp-content\/uploads\/2023\/10\/IMG_8127-150x150.jpg\" class=\"attachment-thumbnail size-thumbnail\" alt=\"\" decoding=\"async\" loading=\"lazy\" \/><\/a><\/div>\n\t\t\t\t\t<\/figure>\n\t\t\t\t\t<figure class='gallery-item col-3'>\n\t\t\t\t\t\t<div class='gallery-icon '><a href='https:\/\/www.pkfeyerabend.org\/wp-content\/uploads\/2023\/10\/IMG_8224.jpg'><img width=\"150\" height=\"150\" src=\"https:\/\/www.pkfeyerabend.org\/wp-content\/uploads\/2023\/10\/IMG_8224-150x150.jpg\" class=\"attachment-thumbnail size-thumbnail\" alt=\"\" decoding=\"async\" loading=\"lazy\" \/><\/a><\/div>\n\t\t\t\t\t<\/figure>\n\t\t\t\t\t<figure class='gallery-item col-3'>\n\t\t\t\t\t\t<div class='gallery-icon '><a href='https:\/\/www.pkfeyerabend.org\/wp-content\/uploads\/2023\/10\/IMG_8234.jpg'><img width=\"150\" height=\"150\" src=\"https:\/\/www.pkfeyerabend.org\/wp-content\/uploads\/2023\/10\/IMG_8234-150x150.jpg\" class=\"attachment-thumbnail size-thumbnail\" alt=\"\" decoding=\"async\" loading=\"lazy\" \/><\/a><\/div>\n\t\t\t\t\t<\/figure>\n\t\t\t\t<\/div>\n\t\t\t\t<div class='gallery-row gallery-col-3 gallery-clear'>\n\t\t\t\t\t<figure class='gallery-item col-3'>\n\t\t\t\t\t\t<div class='gallery-icon '><a href='https:\/\/www.pkfeyerabend.org\/wp-content\/uploads\/2023\/10\/Z7-to-Ser-Ambiente-Visita-Cabuyal-0032.jpg'><img width=\"150\" height=\"150\" src=\"https:\/\/www.pkfeyerabend.org\/wp-content\/uploads\/2023\/10\/Z7-to-Ser-Ambiente-Visita-Cabuyal-0032-150x150.jpg\" class=\"attachment-thumbnail size-thumbnail\" alt=\"\" decoding=\"async\" loading=\"lazy\" \/><\/a><\/div>\n\t\t\t\t\t<\/figure>\n\t\t\t\t\t<figure class='gallery-item col-3'>\n\t\t\t\t\t\t<div class='gallery-icon '><a href='https:\/\/www.pkfeyerabend.org\/wp-content\/uploads\/2023\/10\/Z7-to-Ser-Ambiente-Visita-Cabuyal-0411.jpg'><img width=\"150\" height=\"150\" src=\"https:\/\/www.pkfeyerabend.org\/wp-content\/uploads\/2023\/10\/Z7-to-Ser-Ambiente-Visita-Cabuyal-0411-150x150.jpg\" class=\"attachment-thumbnail size-thumbnail\" alt=\"\" decoding=\"async\" loading=\"lazy\" \/><\/a><\/div>\n\t\t\t\t\t<\/figure>\n\t\t\t\t\t<figure class='gallery-item col-3'>\n\t\t\t\t\t\t<div class='gallery-icon '><a href='https:\/\/www.pkfeyerabend.org\/wp-content\/uploads\/2023\/10\/Z7-to-Ser-Ambiente-Visita-Cabuyal-0413.jpg'><img width=\"150\" height=\"150\" src=\"https:\/\/www.pkfeyerabend.org\/wp-content\/uploads\/2023\/10\/Z7-to-Ser-Ambiente-Visita-Cabuyal-0413-150x150.jpg\" class=\"attachment-thumbnail size-thumbnail\" alt=\"\" decoding=\"async\" loading=\"lazy\" \/><\/a><\/div>\n\t\t\t\t\t<\/figure>\n\t\t\t\t<\/div>\n\t\t\t\t<div class='gallery-row gallery-col-3 gallery-clear'>\n\t\t\t\t\t<figure class='gallery-item col-3'>\n\t\t\t\t\t\t<div class='gallery-icon '><a href='https:\/\/www.pkfeyerabend.org\/wp-content\/uploads\/2023\/10\/Z7-to-Ser-Ambiente-Visita-Cabuyal-0429.jpg'><img width=\"150\" height=\"150\" src=\"https:\/\/www.pkfeyerabend.org\/wp-content\/uploads\/2023\/10\/Z7-to-Ser-Ambiente-Visita-Cabuyal-0429-150x150.jpg\" class=\"attachment-thumbnail size-thumbnail\" alt=\"\" decoding=\"async\" loading=\"lazy\" \/><\/a><\/div>\n\t\t\t\t\t<\/figure>\n\t\t\t\t\t<figure class='gallery-item col-3'>\n\t\t\t\t\t\t<div class='gallery-icon '><a href='https:\/\/www.pkfeyerabend.org\/wp-content\/uploads\/2023\/10\/Z7-to-Ser-Ambiente-Visita-Cabuyal-0431.jpg'><img width=\"150\" height=\"150\" src=\"https:\/\/www.pkfeyerabend.org\/wp-content\/uploads\/2023\/10\/Z7-to-Ser-Ambiente-Visita-Cabuyal-0431-150x150.jpg\" class=\"attachment-thumbnail size-thumbnail\" alt=\"\" decoding=\"async\" loading=\"lazy\" \/><\/a><\/div>\n\t\t\t\t\t<\/figure>\n\t\t\t\t\t<figure class='gallery-item col-3'>\n\t\t\t\t\t\t<div class='gallery-icon '><a href='https:\/\/www.pkfeyerabend.org\/wp-content\/uploads\/2023\/10\/Z7-to-Ser-Ambiente-Visita-Cabuyal-0450.jpg'><img width=\"150\" height=\"150\" src=\"https:\/\/www.pkfeyerabend.org\/wp-content\/uploads\/2023\/10\/Z7-to-Ser-Ambiente-Visita-Cabuyal-0450-150x150.jpg\" class=\"attachment-thumbnail size-thumbnail\" alt=\"\" decoding=\"async\" loading=\"lazy\" \/><\/a><\/div>\n\t\t\t\t\t<\/figure>\n\t\t\t\t<\/div>\n\t\t\t\t<div class='gallery-row gallery-col-3 gallery-clear'>\n\t\t\t\t\t<figure class='gallery-item col-3'>\n\t\t\t\t\t\t<div class='gallery-icon '><a href='https:\/\/www.pkfeyerabend.org\/wp-content\/uploads\/2023\/10\/IMG_1961.jpg'><img width=\"150\" height=\"100\" src=\"https:\/\/www.pkfeyerabend.org\/wp-content\/uploads\/2023\/10\/IMG_1961.jpg\" class=\"attachment-thumbnail size-thumbnail\" alt=\"\" decoding=\"async\" loading=\"lazy\" \/><\/a><\/div>\n\t\t\t\t\t<\/figure>\n\t\t\t<\/div>\n\t\t\t<\/div><!-- .gallery -->\n<\/p>","protected":false},"excerpt":{"rendered":"<p>Cette initiative promeut l&rsquo;auto-renforcement du territoire de vie marin-c\u00f4tier d&rsquo;une petite communaut\u00e9 &#8211; la Comuna de Puerto Cabuyal (CPC) &#8211; dans la paroisse de Canoa, canton de San Vicente, province de Manab\u00ed, \u00c9quateur.\u00a0 Il s&rsquo;agit d&rsquo;une communaut\u00e9 ancestrale et solidaire&#8230;<\/p>\n","protected":false},"author":1,"featured_media":2777,"comment_status":"open","ping_status":"closed","sticky":false,"template":"","format":"standard","meta":[],"categories":[52],"tags":[],"_links":{"self":[{"href":"https:\/\/www.pkfeyerabend.org\/fr\/wp-json\/wp\/v2\/posts\/2775"}],"collection":[{"href":"https:\/\/www.pkfeyerabend.org\/fr\/wp-json\/wp\/v2\/posts"}],"about":[{"href":"https:\/\/www.pkfeyerabend.org\/fr\/wp-json\/wp\/v2\/types\/post"}],"author":[{"embeddable":true,"href":"https:\/\/www.pkfeyerabend.org\/fr\/wp-json\/wp\/v2\/users\/1"}],"replies":[{"embeddable":true,"href":"https:\/\/www.pkfeyerabend.org\/fr\/wp-json\/wp\/v2\/comments?post=2775"}],"version-history":[{"count":2,"href":"https:\/\/www.pkfeyerabend.org\/fr\/wp-json\/wp\/v2\/posts\/2775\/revisions"}],"predecessor-version":[{"id":2787,"href":"https:\/\/www.pkfeyerabend.org\/fr\/wp-json\/wp\/v2\/posts\/2775\/revisions\/2787"}],"wp:featuredmedia":[{"embeddable":true,"href":"https:\/\/www.pkfeyerabend.org\/fr\/wp-json\/wp\/v2\/media\/2777"}],"wp:attachment":[{"href":"https:\/\/www.pkfeyerabend.org\/fr\/wp-json\/wp\/v2\/media?parent=2775"}],"wp:term":[{"taxonomy":"category","embeddable":true,"href":"https:\/\/www.pkfeyerabend.org\/fr\/wp-json\/wp\/v2\/categories?post=2775"},{"taxonomy":"post_tag","embeddable":true,"href":"https:\/\/www.pkfeyerabend.org\/fr\/wp-json\/wp\/v2\/tags?post=2775"}],"curies":[{"name":"wp","href":"https:\/\/api.w.org\/{rel}","templated":true}]}}