{"id":2803,"date":"2023-10-18T12:07:38","date_gmt":"2023-10-18T10:07:38","guid":{"rendered":"https:\/\/www.pkfeyerabend.org\/?p=2803"},"modified":"2023-10-18T12:07:38","modified_gmt":"2023-10-18T10:07:38","slug":"hernan-rodas-maitre-du-design-en-amerique-latine-pour-2023","status":"publish","type":"post","link":"https:\/\/www.pkfeyerabend.org\/fr\/2023\/10\/18\/hernan-rodas-maitre-du-design-en-amerique-latine-pour-2023\/","title":{"rendered":"Hern\u00e1n Rodas &#8211; Ma\u00eetre du design en Am\u00e9rique latine pour 2023"},"content":{"rendered":"<p>Le premier laur\u00e9at de la Fondation Paul K. Feyerabend et celui qui peut-\u00eatre reste aujourd&rsquo;hui le plus embl\u00e9matique de son esprit de solidarit\u00e9 communautaire est le <a href=\"https:\/\/www.pkfeyerabend.org\/fr\/2013\/05\/20\/hernan-guillermo-rodas-martinez-equateur-laureat-du-prix-paul-k-feyerabend-2007\/\">Padre Hern\u00e1n Rodas Martinez<\/a>, de l&rsquo;\u00c9quateur. L&rsquo;exp\u00e9rience, les caract\u00e9ristiques et les capacit\u00e9s d&rsquo;Hern\u00e1n sont vraiment exceptionnelles&#8230; pr\u00eatre dans le mouvement de la th\u00e9ologie de la lib\u00e9ration, d\u00e9fenseur pratique sur le terrain des droits fonciers des peuples am\u00e9rindiens, musicien vibrant, \u00e9ducateur critique passionn\u00e9, activiste qui a soutenu l&rsquo;auto-organisation d&rsquo;innombrables communaut\u00e9s, \u00e9conomiste qui a fond\u00e9 et nourri une importante coop\u00e9rative d\u2019\u00e9pargne et de cr\u00e9dit qui a refus\u00e9 la logique du profit \u00e9conomique et fournit aujourd&rsquo;hui des b\u00e9n\u00e9fices sociaux, environnementaux et politiques \u00e0 700.000 membres&#8230; Hern\u00e1n est aussi un peintre dou\u00e9 et puissant, r\u00e9compens\u00e9 en 2023 par le titre de <a href=\"https:\/\/www.experimenta.es\/noticias\/grafica-y-comunicacion\/maestros-del-diseno-en-america-latina-hernan-rodas-ecuador\/\"><strong>Ma\u00eetre du design en Am\u00e9rique latine<\/strong><\/a>. La Fondation Paul K. Feyerabend, fi\u00e8re d&rsquo;avoir <a href=\"https:\/\/www.pkfeyerabend.org\/fr\/2013\/05\/10\/les-chemins-de-lapprentissage-communautaire\/\">soutenu le travail de solidarit\u00e9 d&rsquo;Hern\u00e1n<\/a> \u00e0 <a href=\"https:\/\/www.pkfeyerabend.org\/fr\/2014\/01\/16\/les-caisses-communautaires-depargne-et-de-credit-apprendre-ensemble-pour-batir-la-bonne-vie-equateur\/\">plusieurs reprises<\/a> et d&rsquo;avoir utilis\u00e9 <a href=\"https:\/\/www.pkfeyerabend.org\/fr\/soutenir-la-fondation\/tableau-dhonneur-des-soutiens-de-la-solidarite-communautaire\/\">l&rsquo;un de ses dessins uniques pour ses certificats de donation<\/a>, f\u00e9licite sinc\u00e8rement Hern\u00e1n pour cette reconnaissance des plus m\u00e9rit\u00e9es.<\/p>\n<p>La vocation de peintre d&rsquo;Hern\u00e1n remonte \u00e0 sa th\u00e8se et \u00e0 sa participation active \u00e0 de nombreux mouvements artistiques alternatifs \u00e0 l&rsquo;interface avec la th\u00e9ologie au d\u00e9but des ann\u00e9es 1970s, principalement en Am\u00e9rique latine, mais aussi bri\u00e8vement en Europe. Par exemple, il a fait partie de l&rsquo;\u00e9quipe qui a \u00e9labor\u00e9 une Bible dont le texte et les illustrations \u00e9taient adapt\u00e9s \u00e0 l&rsquo;histoire et au contexte de l&rsquo;Am\u00e9rique latine. C&rsquo;est pour cette initiative, et bien d&rsquo;autres, que ses peintures sont toujours rest\u00e9es \u00ab\u00a0engag\u00e9es\u00a0\u00bb. Le travail pastoral l&rsquo;ayant amen\u00e9 \u00e0 vivre dans les zones les plus pauvres et les plus recul\u00e9es de la campagne \u00e9quatorienne, Hern\u00e1n a souvent travaill\u00e9 \u00e0 la main et en petits formats, s&rsquo;inspirant des activit\u00e9s quotidiennes des gens et des luttes des plus vuln\u00e9rables : les femmes et les enfants. Ses peintures et ses dessins ont trouv\u00e9 g\u00e9n\u00e9ralement des \u00ab\u00a0applications\u00a0\u00bb imm\u00e9diates.\u00a0 Ils ont donn\u00e9 de l&rsquo;espoir apr\u00e8s des catastrophes naturelles. Ils ont donn\u00e9 de la vie \u00e0 des brochures, des manuels, des meubles et des objets de tous les jours. Et ils ont ajout\u00e9 une atmosph\u00e8re aux murs des maisons, des salles communautaires, des \u00e9glises, des \u00e9coles et des petits march\u00e9s locaux.<\/p>\n<p>Alors que la coop\u00e9rative Jardin Azuayo \u00e9tait con\u00e7ue et d\u00e9velopp\u00e9e pour devenir l&rsquo;une des coop\u00e9ratives les plus importantes et les plus prosp\u00e8res d&rsquo;Am\u00e9rique latine, Hern\u00e1n a continu\u00e9 d&rsquo;\u00eatre l&rsquo;un de ses principaux inspirateurs en mati\u00e8re de r\u00e9flexion et de d\u00e9veloppement, mais aussi d\u2019<strong>auto-narration visuelle<\/strong>. D&rsquo;innombrables images fournies par Hern\u00e1n ont continu\u00e9 \u00e0 refl\u00e9ter la r\u00e9alit\u00e9 souhait\u00e9e par les membres et le personnel de la coop\u00e9rative&#8230; ceux qui se reconnaissent dans les annonces, les sacs, les d\u00e9corations de bureau, les t-shirts, les sites web, les affiches et les merveilleux livres, tels que le volume <a href=\"https:\/\/www.pkfeyerabend.org\/fr\/2020\/05\/21\/the-savings-and-loans-cooperative-jardin-azuayo\/\">\u00ab\u00a0<em>Nous sommes notre m\u00e9moire<\/em>\u00ab\u00a0<\/a>, qui raconte l&rsquo;histoire de la coop\u00e9rative de 1996 \u00e0 2014.\u00a0 Alors que les forces du march\u00e9 semblent aujourd&rsquo;hui envelopper une grande partie de ce que nous appelons \u00ab\u00a0design\u00a0\u00bb ou m\u00eame \u00ab\u00a0art\u00a0\u00bb, Hern\u00e1n a toujours partag\u00e9 son travail librement.\u00a0 Son objectif principal \u00e9tait bien plus ambitieux que l&rsquo;argent.\u00a0 Il s&rsquo;est toujours agi d&rsquo;encourager le travail coop\u00e9ratif, de mobiliser les gens, de g\u00e9n\u00e9rer le sens d\u2019\u00eatre une communaut\u00e9.<\/p>\n<p>Au cours du mois de septembre 2023, une exposition bien intitul\u00e9e <a href=\"https:\/\/fb.watch\/nt55YPsOqK\/?mibextid=VhDh1V\">\u00ab\u00a0<em>Imaginer le travail coop\u00e9ratif<\/em>\u00ab\u00a0<\/a> a rassembl\u00e9 plus de 600 \u0153uvres originales produites et donn\u00e9es par Hern\u00e1n \u00e0 la coop\u00e9rative Jardin Azuayo au fil des ans. L&rsquo;exposition vient de se terminer par une c\u00e9l\u00e9bration bien m\u00e9rit\u00e9e qui a incit\u00e9 Hern\u00e1n \u00e0 dire : \u00ab\u00a0Nous rassemblons des personnes, pas des capitaux&#8230; et le travail coop\u00e9ratif n&rsquo;est pas un passe-temps, mais un mode de vie qui cr\u00e9e un avenir diff\u00e9rent, d&rsquo;autres fa\u00e7ons d&rsquo;\u00eatre des hommes, des femmes, des couples, des familles, des soci\u00e9t\u00e9s&#8230; un mode de vie qui favorise la dignit\u00e9, l&rsquo;amour de la vie, la conscience profonde que notre coop\u00e9rative est l\u00e0 pour que nous chantions, dansions, r\u00eavions, soyons joyeux, soyons capables \u00e0 la fois d&rsquo;imaginer et de construire une nouvelle soci\u00e9t\u00e9&#8230;\u00a0\u00bb. Cette <a href=\"https:\/\/fb.watch\/nt55YPsOqK\/?mibextid=VhDh1V\">courte vid\u00e9o inspirante<\/a> donne un aper\u00e7u de la c\u00e9l\u00e9bration et de l&rsquo;esprit qui a uni tous les participants.<\/p>\n<p>Merci beaucoup, Hern\u00e1n, d&rsquo;avoir oppos\u00e9 aux terribles \u00e9v\u00e9nements qui se d\u00e9roulent \u00e0 Gaza, en ces premiers jours d&rsquo;octobre 2023, un puissant rappel qu&rsquo;en effet, \u00ab\u00a0<em>un monde solidaire est possible<\/em>\u00ab\u00a0.<\/p>\n<p>Pour plus d&rsquo;informations :<\/p>\n<ul>\n<li><a href=\"https:\/\/www.experimenta.es\/noticias\/grafica-y-comunicacion\/maestros-del-diseno-en-america-latina-hernan-rodas-ecuador\/\">https:\/\/www.experimenta.es\/noticias\/grafica-y-comunicacion\/maestros-del-diseno-en-america-latina-hernan-rodas-ecuador\/<\/a><\/li>\n<li><a href=\"https:\/\/fb.watch\/nt55YPsOqK\/?mibextid=VhDh1V\">https:\/\/fb.watch\/nt55YPsOqK\/?mibextid=VhDh1V<\/a><\/li>\n<li><a href=\"https:\/\/www.jardinazuayo.fin.ec\/\">https:\/\/www.jardinazuayo.fin.ec\/<\/a><\/li>\n<li><a href=\"https:\/\/www.jardinazuayo.fin.ec\/educacion-cooperativa?tknfv=678ADAD9CDFGHIJKLMNOPQRSTUVWFCF5\">https:\/\/www.jardinazuayo.fin.ec\/educacion-cooperativa?tknfv=678ADAD9CDFGHIJKLMNOPQRSTUVWFCF5<\/a><\/li>\n<li><a href=\"https:\/\/www.pkfeyerabend.org\/en\/2020\/05\/21\/the-savings-and-loans-cooperative-jardin-azuayo\/\">https:\/\/www.pkfeyerabend.org\/en\/2020\/05\/21\/the-savings-and-loans-cooperative-jardin-azuayo\/<\/a><\/li>\n<li><a href=\"https:\/\/www.pkfeyerabend.org\/en\/2014\/01\/16\/les-caisses-communautaires-depargne-et-de-credit-apprendre-ensemble-pour-batir-la-bonne-vie-equateur\/\">https:\/\/www.pkfeyerabend.org\/en\/2014\/01\/16\/les-caisses-communautaires-depargne-et-de-credit-apprendre-ensemble-pour-batir-la-bonne-vie-equateur\/<\/a><\/li>\n<li><a href=\"https:\/\/www.pkfeyerabend.org\/en\/2013\/05\/20\/hernan-guillermo-rodas-martinez-equateur-laureat-du-prix-paul-k-feyerabend-2007\/\">https:\/\/www.pkfeyerabend.org\/en\/2013\/05\/20\/hernan-guillermo-rodas-martinez-equateur-laureat-du-prix-paul-k-feyerabend-2007\/<\/a><\/li>\n<li><a href=\"https:\/\/www.pkfeyerabend.org\/en\/2020\/08\/29\/solidarite-communautaire-en-reaction-a-la-covid-19-a-paute-equateur\/\">https:\/\/www.pkfeyerabend.org\/en\/2020\/08\/29\/solidarite-communautaire-en-reaction-a-la-covid-19-a-paute-equateur\/<\/a><\/li>\n<\/ul>\n<p>\n\t\t\t<div id='gallery-2803-1' class='gallery gallery-2803'>\n\t\t\t\t<div class='gallery-row gallery-col-3 gallery-clear'>\n\t\t\t\t\t<figure class='gallery-item col-3'>\n\t\t\t\t\t\t<div class='gallery-icon '><a href='https:\/\/www.pkfeyerabend.org\/wp-content\/uploads\/2023\/10\/maestros-del-diseno-en-america-latina-hernan-rodas-ecuador-1-800x684-1.jpeg'><img width=\"150\" height=\"150\" src=\"https:\/\/www.pkfeyerabend.org\/wp-content\/uploads\/2023\/10\/maestros-del-diseno-en-america-latina-hernan-rodas-ecuador-1-800x684-1-150x150.jpeg\" class=\"attachment-thumbnail size-thumbnail\" alt=\"\" decoding=\"async\" loading=\"lazy\" \/><\/a><\/div>\n\t\t\t\t\t<\/figure>\n\t\t\t\t\t<figure class='gallery-item col-3'>\n\t\t\t\t\t\t<div class='gallery-icon '><a href='https:\/\/www.pkfeyerabend.org\/wp-content\/uploads\/2023\/10\/maestros-del-diseno-en-america-latina-hernan-rodas-ecuador-5-800x1005-1.jpeg'><img width=\"150\" height=\"150\" src=\"https:\/\/www.pkfeyerabend.org\/wp-content\/uploads\/2023\/10\/maestros-del-diseno-en-america-latina-hernan-rodas-ecuador-5-800x1005-1-150x150.jpeg\" class=\"attachment-thumbnail size-thumbnail\" alt=\"\" decoding=\"async\" loading=\"lazy\" \/><\/a><\/div>\n\t\t\t\t\t<\/figure>\n\t\t\t\t\t<figure class='gallery-item col-3'>\n\t\t\t\t\t\t<div class='gallery-icon '><a href='https:\/\/www.pkfeyerabend.org\/wp-content\/uploads\/2023\/10\/maestros-del-diseno-en-america-latina-hernan-rodas-ecuador-7-800x636-1.jpeg'><img width=\"150\" height=\"150\" src=\"https:\/\/www.pkfeyerabend.org\/wp-content\/uploads\/2023\/10\/maestros-del-diseno-en-america-latina-hernan-rodas-ecuador-7-800x636-1-150x150.jpeg\" class=\"attachment-thumbnail size-thumbnail\" alt=\"\" decoding=\"async\" loading=\"lazy\" \/><\/a><\/div>\n\t\t\t\t\t<\/figure>\n\t\t\t\t<\/div>\n\t\t\t\t<div class='gallery-row gallery-col-3 gallery-clear'>\n\t\t\t\t\t<figure class='gallery-item col-3'>\n\t\t\t\t\t\t<div class='gallery-icon '><a href='https:\/\/www.pkfeyerabend.org\/wp-content\/uploads\/2023\/10\/maestros-del-diseno-en-america-latina-hernan-rodas-ecuador-13-800x1148-1.jpeg'><img width=\"150\" height=\"150\" src=\"https:\/\/www.pkfeyerabend.org\/wp-content\/uploads\/2023\/10\/maestros-del-diseno-en-america-latina-hernan-rodas-ecuador-13-800x1148-1-150x150.jpeg\" class=\"attachment-thumbnail size-thumbnail\" alt=\"\" decoding=\"async\" loading=\"lazy\" \/><\/a><\/div>\n\t\t\t\t\t<\/figure>\n\t\t\t\t\t<figure class='gallery-item col-3'>\n\t\t\t\t\t\t<div class='gallery-icon '><a href='https:\/\/www.pkfeyerabend.org\/wp-content\/uploads\/2023\/10\/maestros-del-diseno-en-america-latina-hernan-rodas-ecuador-15-800x1106-1.jpeg'><img width=\"150\" height=\"150\" src=\"https:\/\/www.pkfeyerabend.org\/wp-content\/uploads\/2023\/10\/maestros-del-diseno-en-america-latina-hernan-rodas-ecuador-15-800x1106-1-150x150.jpeg\" class=\"attachment-thumbnail size-thumbnail\" alt=\"\" decoding=\"async\" loading=\"lazy\" \/><\/a><\/div>\n\t\t\t\t\t<\/figure>\n\t\t\t<\/div>\n\t\t\t<\/div><!-- .gallery -->\n<\/p>","protected":false},"excerpt":{"rendered":"<p>Le premier laur\u00e9at de la Fondation Paul K. Feyerabend et celui qui peut-\u00eatre reste aujourd&rsquo;hui le plus embl\u00e9matique de son esprit de solidarit\u00e9 communautaire est le Padre Hern\u00e1n Rodas Martinez, de l&rsquo;\u00c9quateur. L&rsquo;exp\u00e9rience, les caract\u00e9ristiques et les capacit\u00e9s d&rsquo;Hern\u00e1n sont&#8230;<\/p>\n","protected":false},"author":1,"featured_media":2804,"comment_status":"open","ping_status":"closed","sticky":false,"template":"","format":"standard","meta":[],"categories":[1],"tags":[],"_links":{"self":[{"href":"https:\/\/www.pkfeyerabend.org\/fr\/wp-json\/wp\/v2\/posts\/2803"}],"collection":[{"href":"https:\/\/www.pkfeyerabend.org\/fr\/wp-json\/wp\/v2\/posts"}],"about":[{"href":"https:\/\/www.pkfeyerabend.org\/fr\/wp-json\/wp\/v2\/types\/post"}],"author":[{"embeddable":true,"href":"https:\/\/www.pkfeyerabend.org\/fr\/wp-json\/wp\/v2\/users\/1"}],"replies":[{"embeddable":true,"href":"https:\/\/www.pkfeyerabend.org\/fr\/wp-json\/wp\/v2\/comments?post=2803"}],"version-history":[{"count":1,"href":"https:\/\/www.pkfeyerabend.org\/fr\/wp-json\/wp\/v2\/posts\/2803\/revisions"}],"predecessor-version":[{"id":2809,"href":"https:\/\/www.pkfeyerabend.org\/fr\/wp-json\/wp\/v2\/posts\/2803\/revisions\/2809"}],"wp:featuredmedia":[{"embeddable":true,"href":"https:\/\/www.pkfeyerabend.org\/fr\/wp-json\/wp\/v2\/media\/2804"}],"wp:attachment":[{"href":"https:\/\/www.pkfeyerabend.org\/fr\/wp-json\/wp\/v2\/media?parent=2803"}],"wp:term":[{"taxonomy":"category","embeddable":true,"href":"https:\/\/www.pkfeyerabend.org\/fr\/wp-json\/wp\/v2\/categories?post=2803"},{"taxonomy":"post_tag","embeddable":true,"href":"https:\/\/www.pkfeyerabend.org\/fr\/wp-json\/wp\/v2\/tags?post=2803"}],"curies":[{"name":"wp","href":"https:\/\/api.w.org\/{rel}","templated":true}]}}