{"id":290,"date":"2013-05-12T22:06:13","date_gmt":"2013-05-12T20:06:13","guid":{"rendered":"https:\/\/pkfeyerabend.org\/?p=290"},"modified":"2021-08-03T11:16:38","modified_gmt":"2021-08-03T09:16:38","slug":"construire-des-modes-de-subsistance-alternatifs-dans-la-region-de-peten-au-guatemala","status":"publish","type":"post","link":"https:\/\/www.pkfeyerabend.org\/fr\/2013\/05\/12\/construire-des-modes-de-subsistance-alternatifs-dans-la-region-de-peten-au-guatemala\/","title":{"rendered":"Construire des modes de subsistance alternatifs dans la r\u00e9gion de Pet\u00e9n au Guatemala"},"content":{"rendered":"<p><strong>Aider les organisations paysannes impliqu\u00e9es dans un r\u00e9seau de mini-march\u00e9s \u00e9cologiques \u00e0 d\u00e9velopper une coop\u00e9rative d\u2019\u00e9pargne et de pr\u00eats dans le Pet\u00e9n, au Guatemala<\/strong> (mis en \u0153uvre par l&rsquo;Asociaci\u00f3n de acci\u00f3n solidaria y propuesta de Pet\u00e9n\u00a0; nominatrice\u00a0: Andrea Finger-Stich )<\/p>\n<p>Cette initiative se situe dans la r\u00e9serve de biosph\u00e8re Maya de Guatemala, aux fronti\u00e8res avec le Mexique et le Belize\u2014 un haut lieu de biodiversit\u00e9 fortement menac\u00e9 par l&rsquo;avanc\u00e9e des grandes exploitations d&rsquo;\u00e9levage, de soja et de palmiers \u00e0 huile, de l\u2019extraction p\u00e9troli\u00e8re, de grands projets d&rsquo;infrastructures (communication, transport, tourisme, hydro\u00e9lectricit\u00e9), de trafics illicites et d&rsquo;op\u00e9rations militaires. Les cultures agro-\u00e9cologiques de petits paysans dans la zone d&rsquo;utilisation multiple de la r\u00e9serve biosph\u00e8re sont, bien s\u00fbr, menac\u00e9es et l\u2019association ASAPP op\u00e8re depuis plusieurs ann\u00e9es pour les prot\u00e9ger en tant qu\u2019\u00e9l\u00e9ment d\u2019un plan de vie alternatif \u00e0 l\u2019exploitation destructrice de la nature et des valeurs humaines.\u00a0<\/p>\n<p><a href=\"https:\/\/pkfeyerabend.org\/wp-content\/uploads\/2013\/05\/Picture2.png\"><img decoding=\"async\" loading=\"lazy\" src=\"https:\/\/pkfeyerabend.org\/wp-content\/uploads\/2013\/05\/Picture2-300x207.png\" alt=\"Picture2\" width=\"300\" height=\"207\" class=\"aligncenter size-medium wp-image-594\" srcset=\"https:\/\/www.pkfeyerabend.org\/wp-content\/uploads\/2013\/05\/Picture2-300x207.png 300w, https:\/\/www.pkfeyerabend.org\/wp-content\/uploads\/2013\/05\/Picture2.png 353w\" sizes=\"(max-width: 300px) 100vw, 300px\" \/><\/a><\/p>\n<p>Avec l\u2019appui de la Fondation PKF l\u2019association ASAPP renforcera les capacit\u00e9s de communaut\u00e9s locales du P\u00e9ten de telle sorte qu\u2019elles seront \u00e0 m\u00eame de planifier et de mettre en \u0153uvre leur propre caisse d\u2019Epargne et de Pr\u00eats dans les villages de San Jos\u00e9 et de San Andr\u00e8s, selon les principes de l\u2019\u00e9conomie solidaire. Une militante d\u2019ASAPP a \u00e9t\u00e9 form\u00e9e en Equateur lors d\u2019une visite d\u2019\u00e9change avec la coop\u00e9rative Jardin Azuayo. Elle participe maintenant \u00e0 la mise en place d\u2019un comit\u00e9 local responsable de la caisse d\u2019Epargne et de Pr\u00eats locale, qui engagera les communaut\u00e9s et surtout les femmes, les jeunes et les membres de peuples autochtones (Itza).\u00a0 Le comit\u00e9 \u00e9laborera toutes les normes et r\u00e8gles n\u00e9cessaires aux op\u00e9rations financi\u00e8res et commencera \u00e0 fonctionner en 2012, en gardant d\u2019\u00e9troites relations d\u2019\u00e9change et d\u2019apprentissage avec d\u2019autres initiatives de micro-cr\u00e9dit au Guatemala et dans d\u2019autres pays.\u00a0 ASAPP accompagnera le processus par la recherche-action participative et la diffusion d\u2019information.<\/p>\n<p><a href=\"https:\/\/pkfeyerabend.org\/wp-content\/uploads\/2013\/05\/Guatemala-1.jpg\"><img decoding=\"async\" loading=\"lazy\" src=\"https:\/\/pkfeyerabend.org\/wp-content\/uploads\/2013\/05\/Guatemala-1-300x139.jpg\" alt=\"Guatemala 1\" width=\"300\" height=\"139\" class=\"aligncenter size-medium wp-image-593\" srcset=\"https:\/\/www.pkfeyerabend.org\/wp-content\/uploads\/2013\/05\/Guatemala-1-300x139.jpg 300w, https:\/\/www.pkfeyerabend.org\/wp-content\/uploads\/2013\/05\/Guatemala-1.jpg 331w\" sizes=\"(max-width: 300px) 100vw, 300px\" \/><\/a><\/p>","protected":false},"excerpt":{"rendered":"<p>Aider les organisations paysannes impliqu\u00e9es dans un r\u00e9seau de mini-march\u00e9s \u00e9cologiques \u00e0 d\u00e9velopper une coop\u00e9rative d\u2019\u00e9pargne et de pr\u00eats dans le Pet\u00e9n, au Guatemala (mis en \u0153uvre par l&rsquo;Asociaci\u00f3n de acci\u00f3n solidaria y propuesta de Pet\u00e9n\u00a0; nominatrice\u00a0: Andrea Finger-Stich )&#8230;<\/p>\n","protected":false},"author":2,"featured_media":595,"comment_status":"open","ping_status":"open","sticky":false,"template":"","format":"standard","meta":[],"categories":[19,47],"tags":[],"_links":{"self":[{"href":"https:\/\/www.pkfeyerabend.org\/fr\/wp-json\/wp\/v2\/posts\/290"}],"collection":[{"href":"https:\/\/www.pkfeyerabend.org\/fr\/wp-json\/wp\/v2\/posts"}],"about":[{"href":"https:\/\/www.pkfeyerabend.org\/fr\/wp-json\/wp\/v2\/types\/post"}],"author":[{"embeddable":true,"href":"https:\/\/www.pkfeyerabend.org\/fr\/wp-json\/wp\/v2\/users\/2"}],"replies":[{"embeddable":true,"href":"https:\/\/www.pkfeyerabend.org\/fr\/wp-json\/wp\/v2\/comments?post=290"}],"version-history":[{"count":4,"href":"https:\/\/www.pkfeyerabend.org\/fr\/wp-json\/wp\/v2\/posts\/290\/revisions"}],"predecessor-version":[{"id":687,"href":"https:\/\/www.pkfeyerabend.org\/fr\/wp-json\/wp\/v2\/posts\/290\/revisions\/687"}],"wp:featuredmedia":[{"embeddable":true,"href":"https:\/\/www.pkfeyerabend.org\/fr\/wp-json\/wp\/v2\/media\/595"}],"wp:attachment":[{"href":"https:\/\/www.pkfeyerabend.org\/fr\/wp-json\/wp\/v2\/media?parent=290"}],"wp:term":[{"taxonomy":"category","embeddable":true,"href":"https:\/\/www.pkfeyerabend.org\/fr\/wp-json\/wp\/v2\/categories?post=290"},{"taxonomy":"post_tag","embeddable":true,"href":"https:\/\/www.pkfeyerabend.org\/fr\/wp-json\/wp\/v2\/tags?post=290"}],"curies":[{"name":"wp","href":"https:\/\/api.w.org\/{rel}","templated":true}]}}