{"id":2917,"date":"2024-09-16T15:53:51","date_gmt":"2024-09-16T13:53:51","guid":{"rendered":"https:\/\/www.pkfeyerabend.org\/?p=2917"},"modified":"2024-10-01T15:33:09","modified_gmt":"2024-10-01T13:33:09","slug":"le-prix-paul-k-feyerabend-2024-a-la-solidarite-a-gaza-cinq-exemples-de-solidarite-humaine-a-gaza-qui-devraient-inspirer-le-monde-entier","status":"publish","type":"post","link":"https:\/\/www.pkfeyerabend.org\/fr\/2024\/09\/16\/le-prix-paul-k-feyerabend-2024-a-la-solidarite-a-gaza-cinq-exemples-de-solidarite-humaine-a-gaza-qui-devraient-inspirer-le-monde-entier\/","title":{"rendered":"Le Prix Paul K. Feyerabend 2024 \u00e0 la solidarit\u00e9 \u00e0 Gaza. Cinq exemples de solidarit\u00e9 humaine \u00e0 Gaza qui devraient inspirer le monde entier"},"content":{"rendered":"<p>Gaza est l&rsquo;une des plus anciennes zones habit\u00e9es du pourtour m\u00e9diterran\u00e9en, dont certains vestiges remontent \u00e0 cinq mill\u00e9naires. Depuis le milieu du si\u00e8cle dernier, cette minuscule bande de terre a accueilli jusqu&rsquo;\u00e0 2,3 millions de Palestiniens, r\u00e9sidents d&rsquo;origine et r\u00e9fugi\u00e9s dans des conditions de plus en plus difficiles. Depuis 2006, leur intention collective de r\u00e9sister a entra\u00een\u00e9 une p\u00e9nurie accrue, un confinement strict, la plus forte densit\u00e9 de population au monde et des massacres r\u00e9p\u00e9t\u00e9s. Ce n&rsquo;\u00e9tait qu&rsquo;un pr\u00e9lude \u00e0 ce qui se passe aujourd&rsquo;hui, alors que \u2013\u00a0selon l\u2019enqu\u00eate de la Cour internationale de justice \u2013\u00a0il est tr\u00e8s probable\u00a0qu\u2019un g\u00e9nocide flagrant soit en cours par l&rsquo;arm\u00e9e isra\u00e9lienne avec le soutien financier et militaire des \u00c9tats-Unis (et pas seulement d\u2019eux).<\/p>\n<p>Depuis octobre 2023, Gaza subit des bombardements quotidiens aveugles ; des assassinats cibl\u00e9s de journalistes, de m\u00e9decins, d&rsquo;intellectuels et de personnel des services publics ; des assassinats al\u00e9atoires de personnes, y compris lorsqu&rsquo;elles brandissent des drapeaux blancs ; des humiliations et des emprisonnements massifs ; des tortures et des meurtres physiques et psychologiques massifs ; la destruction de monuments historiques, de la plupart des h\u00f4pitaux et des logements, de toutes ses universit\u00e9s, de ses \u00e9coles, biblioth\u00e8ques, archives publiques, lieux de travail, mosqu\u00e9es, \u00e9glises, installations de s\u00e9curit\u00e9 publique et m\u00eame de dizaines de b\u00e2timents des Nations unies abritant des r\u00e9fugi\u00e9s ; la profanation et l\u2019\u00e9limination des corps dans des fosses communes ; la surveillance continue, le harc\u00e8lement et les\u00a0d\u00e9placements multiples forc\u00e9s de centaines de milliers de personnes\u2026<\/p>\n<p>L&rsquo;intention g\u00e9nocidaire est clairement exprim\u00e9e par le blocage planifi\u00e9 et ex\u00e9cut\u00e9 de toute entr\u00e9e de nourriture, de carburant et d&rsquo;eau, aggrav\u00e9 par la destruction des syst\u00e8mes internes de production et de distribution de nourriture et d&rsquo;\u00e9nergie (par exemple, les serres, les boulangeries, les unit\u00e9s d&rsquo;\u00e9nergie solaire, les lignes \u00e9lectriques) et la destruction des installations d&rsquo;approvisionnement en eau et d&rsquo;assainissement.\u00a0 Au moment o\u00f9 nous \u00e9crivons ces lignes, des dizaines de milliers d&rsquo;enfants, de femmes et d&rsquo;hommes ont \u00e9t\u00e9 tu\u00e9s directement et indirectement, et d\u2019autres dizaines de milliers ont \u00e9t\u00e9 bless\u00e9s et mutil\u00e9s. Cette trag\u00e9die r\u00e9v\u00e8le la mentalit\u00e9 coloniale et raciste, l&rsquo;inhumanit\u00e9 et la barbarie\u00a0qui restent au c\u0153ur de notre soi-disant \u00ab\u00a0civilisation\u00a0\u00bb.<\/p>\n<p>Le g\u00e9nocide \u00e0 Gaza est diffus\u00e9 en direct gr\u00e2ce aux journalistes locaux qui souvent payent leur bravoure de leurs membres et de leur vie.\u00a0 La seule lueur d&rsquo;espoir dans tout cela est que non seulement les journalistes, mais aussi les habitants \u00ab\u00a0normaux\u00a0\u00bb de Gaza font preuve d&rsquo;une force d&rsquo;\u00e2me et d&rsquo;une solidarit\u00e9 mutuelle incroyables, offrant une inspiration et une vision diff\u00e9rente de l&rsquo;avenir de l&rsquo;humanit\u00e9.\u00a0 Pour le Prix Paul K. Feyerabend 2024, la Fondation a identifi\u00e9 cinq d\u2019entre eux qui repr\u00e9sentent l&rsquo;esprit de solidarit\u00e9 qui est normal dans la soci\u00e9t\u00e9 palestinienne, et \u00e0 Gaza en particulier, et qui, dans les circonstances actuelles, est plus vital que jamais et il doit \u00eatre visibilis\u00e9 plus que jamais.\u00a0 Ces personnes sont\u00a0: <strong>le Dr. Adnan al-Bursh\u00a0; \u00a0Mme Madleen\u00a0Kulab\u00a0; Mr Abu Amir (Mutasem\u00a0Eleiwa) et les \u00a0ambulanciers Ahmed al-Madhoun\u00a0et Yusuf Zeino.<\/strong><\/p>\n<p>Le <strong>Dr Adnan al-<\/strong><strong>Bursh<\/strong> n&rsquo;\u00e9tait pas seulement l&rsquo;un des principaux chirurgiens de Gaza&#8230; il \u00e9tait aussi l&rsquo;un de ses principaux humanitaires, qui avait \u00e0 plusieurs reprises sacrifi\u00e9 sa propre s\u00e9curit\u00e9 pour fournir des traitements m\u00e9dicaux vitaux \u00e0 des personnes soumises \u00e0 des bombardements. En tant que chef du service d&rsquo;orthop\u00e9die de l&rsquo;h\u00f4pital Al-Shifa de la ville de Gaza, il a contribu\u00e9 \u00e0 la cr\u00e9ation de l&rsquo;unit\u00e9 de reconstruction des membres, qui a ouvert ses portes apr\u00e8s les attaques militaires isra\u00e9liennes de 2014 sur Gaza.<\/p>\n<p><a href=\"https:\/\/www.pkfeyerabend.org\/wp-content\/uploads\/2024\/09\/Adnan-Al-Bursh.jpg\"><img decoding=\"async\" loading=\"lazy\" class=\"size-full wp-image-2924 aligncenter\" src=\"https:\/\/www.pkfeyerabend.org\/wp-content\/uploads\/2024\/09\/Adnan-Al-Bursh.jpg\" alt=\"\" width=\"680\" height=\"382\" srcset=\"https:\/\/www.pkfeyerabend.org\/wp-content\/uploads\/2024\/09\/Adnan-Al-Bursh.jpg 680w, https:\/\/www.pkfeyerabend.org\/wp-content\/uploads\/2024\/09\/Adnan-Al-Bursh-300x169.jpg 300w\" sizes=\"(max-width: 680px) 100vw, 680px\" \/><\/a><\/p>\n<p>En d\u00e9cembre 2023, le Dr al-Bursh s&rsquo;est rendu, au p\u00e9ril de sa vie, \u00e0 l&rsquo;h\u00f4pital Al-Awda, dans le camp de r\u00e9fugi\u00e9s de Jabalia, dans le nord de la bande de Gaza, pour soigner des patients. L&rsquo;h\u00f4pital avait d\u00e9j\u00e0 fait l&rsquo;objet d&rsquo;attaques r\u00e9p\u00e9t\u00e9es de la part de l&rsquo;arm\u00e9e isra\u00e9lienne, notamment par des frappes a\u00e9riennes qui avaient touch\u00e9 des ambulances et tu\u00e9 deux m\u00e9decins de M\u00e9decins sans fronti\u00e8res. Le 12 d\u00e9cembre, l&rsquo;h\u00f4pital \u00e9tait en fait en \u00e9tat de si\u00e8ge, entour\u00e9 de troupes et de chars isra\u00e9liens et soumis \u00e0 des tirs presque constants de tireurs d&rsquo;\u00e9lite qui abattaient les patients et les infirmi\u00e8res depuis les fen\u00eatres. L&rsquo;approvisionnement en eau douce \u00e9tait coup\u00e9 et les personnes \u00e0 l&rsquo;int\u00e9rieur de l&rsquo;h\u00f4pital souffraient terriblement de la faim. C&rsquo;est dans cette zone de massacre qu&rsquo;Adnan al-Bursh s&rsquo;est pr\u00e9cipit\u00e9 pour aider le flot de civils bless\u00e9s admis dans l&rsquo;h\u00f4pital en sous-effectif.<\/p>\n<p>Le Dr Al-Bursh est n\u00e9 et a grandi dans le camp de r\u00e9fugi\u00e9s de Jabalia et a pleinement compris le paysage d&rsquo;horreur dans lequel il a d\u00e9cid\u00e9 de p\u00e9n\u00e9trer lorsqu&rsquo;il y est retourn\u00e9 pour servir \u00e0 l&rsquo;h\u00f4pital d&rsquo;Al Awda.\u00a0 Pendant deux semaines, il a pratiqu\u00e9 des op\u00e9rations \u00e0 la lumi\u00e8re des t\u00e9l\u00e9phones portables et sans anesth\u00e9sie, jusqu&rsquo;\u00e0 ce que les troupes isra\u00e9liennes entrent dans l&rsquo;h\u00f4pital, arr\u00eatent tout le personnel m\u00e9dical, v\u00e9rifient leurs papiers d&rsquo;identit\u00e9, arr\u00eatent dix d&rsquo;entre eux, dont le Dr al-Bursh, les d\u00e9shabillent, les menottent et les emm\u00e8nent \u00e0 la prison d&rsquo;Ofer. Une fois que lui et ses coll\u00e8gues sont entr\u00e9s dans l&rsquo;obscurit\u00e9 d&rsquo;Ofer, il n&rsquo;y a eu aucune nouvelle de leur \u00e9tat, jusqu&rsquo;\u00e0 l&rsquo;annonce abrupte et insensible de la mort du Dr al-Bursh. On est toujours sans nouvelles de ses coll\u00e8gues.\u00a0 La prison d&rsquo;Ofer, connue \u00e0 l&rsquo;origine sous le nom d&rsquo;Incarceration Facility 385, est un \u00ab\u00a0site noir\u00a0\u00bb isra\u00e9lien o\u00f9 il ne fait aucun doute que des tortures aveugles sont pratiqu\u00e9es. Les quelques prisonniers lib\u00e9r\u00e9s et m\u00eame les vid\u00e9os isra\u00e9liennes t\u00e9moignent\u00a0amplement des crimes de guerre perp\u00e9tr\u00e9s sur les prisonnier. Selon le propre d\u00e9compte de l&rsquo;arm\u00e9e isra\u00e9lienne, des dizaines de Palestiniens sont morts en d\u00e9tention depuis le 7 octobre 2023.<\/p>\n<p>Le docteur Adnan Al-Bursh a \u00e9t\u00e9 bombard\u00e9 d&rsquo;un h\u00f4pital \u00e0 l&rsquo;autre, mais il a refus\u00e9 de laisser ses patients derri\u00e8re lui et, au lieu de se diriger vers les \u00ab\u00a0zones d&rsquo;\u00e9vacuation\u00a0\u00bb au sud, il s&rsquo;est rendu au nord, dans l&rsquo;\u0153il du cyclone, l\u00e0 o\u00f9 ses comp\u00e9tences et ses soins \u00e9taient les plus n\u00e9cessaires, l\u00e0 o\u00f9 les corps mutil\u00e9s et d\u00e9chiquet\u00e9s de son peuple \u00e9taient retir\u00e9s des crat\u00e8res de bombes et des d\u00e9combres des b\u00e2timents en ruine, heure par heure. Il est difficile d&rsquo;imaginer une figure plus h\u00e9ro\u00efque \u00e0 notre \u00e9poque d\u00e9prav\u00e9e et d\u00e9courageante, et c&rsquo;est bien s\u00fbr la raison pour laquelle son exemple a d\u00fb \u00eatre effac\u00e9.\u00a0 Le Dr Adnan Al-Bursh \u00e9tait intelligent, humain et engag\u00e9. Il parlait plusieurs langues. Il voyait et pouvait expliquer les ravages de l&rsquo;occupation et les horreurs de la guerre. Il \u00e9tait exactement le genre de personne qu&rsquo;il fallait \u00e9liminer en tant qu&rsquo;exemple et leader possible pour le peuple palestinien.\u00a0 (Voir : <a href=\"https:\/\/www.counterpunch.org\/2024\/05\/10\/medicide-in-gaza-the-killing-of-dr-adnan-al-bursh\/\"><u>https:\/\/www.counterpunch.org\/2024\/05\/10\/medicide-in-gaza-the-killing-of-dr-adnan-al-bursh\/<\/u><\/a>\u00a0 et <a href=\"https:\/\/www.counterpunch.org\/2024\/06\/24\/remember-the-palestinian-doctors-killed-by-israel\/\"><u>https:\/\/www.counterpunch.org\/2024\/06\/24\/remember-the-palestinian-doctors-killed-by-israel\/<\/u><\/a> ).<\/p>\n<p><strong>Abu Amir (<\/strong><strong>Mutasem<\/strong><strong>\u00a0<\/strong><strong>Eleiwa<\/strong><strong>)<\/strong> est un Gazaoui, repr\u00e9sentant de l&rsquo;Union Juive Fran\u00e7aise pour la Paix (UJFP) \u00e0 Gaza depuis 2016 dans la r\u00e9gion de Khuza&rsquo;a.\u00a0 Sous les bombes depuis le 7 octobre 2023, il a poursuit son travail plus que jamais. Les premi\u00e8res r\u00e9alisations sous sa coordination avaient \u00e9t\u00e9 importantes (par exemple \u00e0 Khuza&rsquo;a, il y a eu la construction d&rsquo;un ch\u00e2teau d&rsquo;eau, de canalisations, de panneaux solaires, d&rsquo;une maison d&rsquo;agriculteurs, d&rsquo;une p\u00e9pini\u00e8re solidaire, puis l&rsquo;acquisition d&rsquo;une voiture avec laquelle un agronome a visit\u00e9 des fermes tout au long de la bande de Gaza&#8230;) mais tout cela a \u00e9t\u00e9 totalement d\u00e9truit par l\u2019arm\u00e9e isra\u00e9lienne\u00a0apr\u00e8s\u00a0octobre 2023 \u00a0(<a href=\"https:\/\/ujfp.org\/la-situation-a-khuzaa\/\"><u>https:\/\/ujfp.org\/la-situation-a-khuzaa\/<\/u><\/a>). Abu Amir, sa famille et son \u00e9quipe, bas\u00e9s \u00e0 Nuseirat, sont d&rsquo;abord intervenus pour les d\u00e9plac\u00e9s de Rafah.\u00a0 Avec le peu d&rsquo;argent de la solidarit\u00e9 qui continue d&rsquo;arriver malgr\u00e9 les difficult\u00e9s, ils ont continu\u00e9 \u00e0 fournir des tentes, des chaussures et des v\u00eatements, et surtout une cantine collective et un syst\u00e8me de distribution de repas et de bouteilles d&rsquo;eau \u00e0 une population au bord de la famine.<\/p>\n<p><a href=\"https:\/\/www.pkfeyerabend.org\/wp-content\/uploads\/2024\/09\/Abu-Amir-Gaza-massacree-nourrir-le-camp-des-paysans-deplaces-19-avril-2024-scaled.jpg\"><img decoding=\"async\" loading=\"lazy\" class=\"aligncenter size-medium_large wp-image-2919\" src=\"https:\/\/www.pkfeyerabend.org\/wp-content\/uploads\/2024\/09\/Abu-Amir-Gaza-massacree-nourrir-le-camp-des-paysans-deplaces-19-avril-2024-768x432.jpg\" alt=\"\" width=\"768\" height=\"432\" srcset=\"https:\/\/www.pkfeyerabend.org\/wp-content\/uploads\/2024\/09\/Abu-Amir-Gaza-massacree-nourrir-le-camp-des-paysans-deplaces-19-avril-2024-768x432.jpg 768w, https:\/\/www.pkfeyerabend.org\/wp-content\/uploads\/2024\/09\/Abu-Amir-Gaza-massacree-nourrir-le-camp-des-paysans-deplaces-19-avril-2024-300x169.jpg 300w, https:\/\/www.pkfeyerabend.org\/wp-content\/uploads\/2024\/09\/Abu-Amir-Gaza-massacree-nourrir-le-camp-des-paysans-deplaces-19-avril-2024-1024x576.jpg 1024w, https:\/\/www.pkfeyerabend.org\/wp-content\/uploads\/2024\/09\/Abu-Amir-Gaza-massacree-nourrir-le-camp-des-paysans-deplaces-19-avril-2024-1536x864.jpg 1536w, https:\/\/www.pkfeyerabend.org\/wp-content\/uploads\/2024\/09\/Abu-Amir-Gaza-massacree-nourrir-le-camp-des-paysans-deplaces-19-avril-2024-2048x1152.jpg 2048w\" sizes=\"(max-width: 768px) 100vw, 768px\" \/><\/a><\/p>\n<p>Le travail\u00a0d\u2019Abu Amir s&rsquo;effectue sur les routes de l&rsquo;exode, dans les zones o\u00f9 les tentes sont install\u00e9es et dans les \u00e9coles o\u00f9 la population s&rsquo;est r\u00e9fugi\u00e9e.\u00a0 Par exemple, de grandes tentes collectives sur le front de mer \u00e0 Khan Younis ont accueilli des centaines de paysans de la r\u00e9gion de Khuza&rsquo;a, qui sont rest\u00e9s malgr\u00e9 tout group\u00e9s et unis. A la mi-avril 2024, 736 familles occupaient le camp de tentes et l&rsquo;\u00e9quipe d&rsquo;Abu Amir y pr\u00e9parait et distribuait de la nourriture trois jours par semaine (<a href=\"https:\/\/ujfp.org\/un-rapport-sur-le-travail-humanitaire-dans-le-camp-des-agriculteurs-deplaces-de-lest-de-khan-yunis-temoignage-dabu-amir-16-18-avril-2024\/\"><u>https:\/\/ujfp.org\/un-rapport-sur-le-travail-humanitaire-dans-le-camp-<\/u><u>des-agriculteurs-deplaces-de-lest-de-khan-yunis-temoignage-dabu-amir-16-18-avril-2024\/<\/u><\/a>\u00a0). Deux projets de scolarisation des enfants et de soutien psychologique, notamment pour les femmes, ont \u00e9galement \u00e9t\u00e9 mis en place avec succ\u00e8s. Abu Amir et son \u00e9quipe d\u00e9terminent au jour le jour les besoins imm\u00e9diats, le montant de l&rsquo;aide n\u00e9cessaire et la meilleure fa\u00e7on de la distribuer. Une comptabilit\u00e9 scrupuleuse est tenue m\u00eame dans l&rsquo;enfer des bombardements&#8230; (<a href=\"https:\/\/ujfp.org\/auteur\/abu-amir\/\"><u>https:\/\/ujfp.org\/auteur\/abu-amir\/<\/u><\/a>)<\/p>\n<p><strong>Madleen<\/strong><strong>\u00a0<\/strong><strong>Kulab<\/strong> est p\u00eacheuse depuis plusieurs ann\u00e9es. Elle est la premi\u00e8re femme de Gaza \u00e0 exercer cette activit\u00e9. Dans la soci\u00e9t\u00e9 patriarcale de Gaza, arracher le droit d&rsquo;exercer un m\u00e9tier d&rsquo;homme demande beaucoup de d\u00e9termination et de savoir-faire (voir <a href=\"https:\/\/youtu.be\/XlWp0o5RFj8\"><u>https:\/\/youtu.be\/XlWp0o5RFj8<\/u><\/a>).<\/p>\n<p><a href=\"https:\/\/www.pkfeyerabend.org\/wp-content\/uploads\/2024\/09\/Madleen.png\"><img decoding=\"async\" loading=\"lazy\" class=\"aligncenter size-medium_large wp-image-2926\" src=\"https:\/\/www.pkfeyerabend.org\/wp-content\/uploads\/2024\/09\/Madleen-768x350.png\" alt=\"\" width=\"768\" height=\"350\" srcset=\"https:\/\/www.pkfeyerabend.org\/wp-content\/uploads\/2024\/09\/Madleen-768x350.png 768w, https:\/\/www.pkfeyerabend.org\/wp-content\/uploads\/2024\/09\/Madleen-300x137.png 300w, https:\/\/www.pkfeyerabend.org\/wp-content\/uploads\/2024\/09\/Madleen-1024x466.png 1024w, https:\/\/www.pkfeyerabend.org\/wp-content\/uploads\/2024\/09\/Madleen-1536x699.png 1536w, https:\/\/www.pkfeyerabend.org\/wp-content\/uploads\/2024\/09\/Madleen.png 1872w\" sizes=\"(max-width: 768px) 100vw, 768px\" \/><\/a><\/p>\n<p>Par sa d\u00e9termination et son obstination, elle a surmont\u00e9 l&rsquo;hostilit\u00e9 de certains de ses coll\u00e8gues et obtenu des autorit\u00e9s de Gaza la reconnaissance de son droit \u00e0 exercer sa profession, mais a malheureusement d\u00fb se plier aux attaques incessantes de la marine isra\u00e9lienne. Elle a fini par perdre son bateau, captur\u00e9 avec tout son mat\u00e9riel de p\u00eache en 2016. Entre bonheur (son mariage, ses enfants) et moments douloureux (son jeune fr\u00e8re fait partie des morts des \u00ab\u00a0marches du retour pacifique\u00a0\u00bb de 2018), elle \u00e9crit en 2019 : \u00ab\u00a0Je continuerai \u00e0 aller de l&rsquo;avant. Je n&rsquo;abandonnerai jamais. J&rsquo;ai maintenant mis en place des ateliers pour les femmes qui veulent apprendre \u00e0 p\u00eacher et \u00e0 fabriquer des filets de p\u00eache. J&rsquo;ai \u00e9galement cr\u00e9\u00e9 un club de p\u00eache pour les femmes\u00a0\u00bb.\u00a0 (<a href=\"https:\/\/madleenfishing.win\/\"><u>https:\/\/madleenfishing.win\/<\/u><\/a>). Lorsque le d\u00e9luge de bombes a frapp\u00e9 en octobre 2023, elle a d\u00fb fuir avec sa famille, dont un jeune b\u00e9b\u00e9, vers le sud de Gaza.\u00a0 L\u00e0, elle a continu\u00e9 \u00e0 essayer de s&rsquo;organiser pour survivre en solidarit\u00e9 avec de nombreuses familles de p\u00eacheurs d\u00e9munies, en utilisant son site web pour lancer un appel aux personnes et aux organisations de conscience.<\/p>\n<p><strong>Ahmed al-<\/strong><strong>Madhoun<\/strong>\u00a0et <strong>Yusuf <\/strong><strong>Zeino<\/strong>\u00a0sont deux ambulanciers courageux qui ont perdu la vie en tentant de sauver une petite fille dans des conditions d&rsquo;une cruaut\u00e9 inimaginable.\u00a0 En janvier 2024, la famille de Bashar Hamada et deux cousins, dont Hind Rajab, \u00e2g\u00e9e de 6 ans, quittaient en voiture leur domicile dans la ville de Gaza, apr\u00e8s avoir re\u00e7u un ordre d&rsquo;\u00e9vacuation.\u00a0 Lorsqu&rsquo;ils ont \u00e9t\u00e9 attaqu\u00e9s par l&rsquo;arm\u00e9e isra\u00e9lienne, la plupart d&rsquo;entre eux ont \u00e9t\u00e9 imm\u00e9diatement tu\u00e9s, mais sur la banquette arri\u00e8re, Hind et sa s\u0153ur \u00e9taient bless\u00e9es et couvertes de sang.\u00a0 Avant que sa s\u0153ur ne soit \u00e9galement tu\u00e9e, Hind et elle ont r\u00e9ussi \u00e0 appeler leur famille et \u00e0 parler \u00e0 leur m\u00e8re, demandant d\u00e9sesp\u00e9r\u00e9ment de l&rsquo;aide.\u00a0 Le syst\u00e8me de sant\u00e9 de Gaza a alors\u00a0essay\u00e9 fr\u00e9n\u00e9tiquement de se coordonner avec l&rsquo;arm\u00e9e isra\u00e9lienne pour obtenir l&rsquo;autorisation d&rsquo;envoyer une ambulance sur les lieux afin de secourir Hind. Vers 16h30, l&rsquo;autorisation a finalement \u00e9t\u00e9 obtenue et, apr\u00e8s s&rsquo;\u00eatre mis d&rsquo;accord sur l&rsquo;itin\u00e9raire \u00e0 suivre par les secouristes (les Isra\u00e9liens ont fourni aux Gazaouis une carte indiquant l&rsquo;itin\u00e9raire), une ambulance est partie en direction du rond-point de Tel al-Hawa.<\/p>\n<p><a href=\"https:\/\/www.pkfeyerabend.org\/wp-content\/uploads\/2024\/09\/Ahmed-al-Madhoun-et-Yusuf-Zeino.png\"><img decoding=\"async\" loading=\"lazy\" class=\"aligncenter size-medium_large wp-image-2925\" src=\"https:\/\/www.pkfeyerabend.org\/wp-content\/uploads\/2024\/09\/Ahmed-al-Madhoun-et-Yusuf-Zeino-768x514.png\" alt=\"\" width=\"768\" height=\"514\" srcset=\"https:\/\/www.pkfeyerabend.org\/wp-content\/uploads\/2024\/09\/Ahmed-al-Madhoun-et-Yusuf-Zeino-768x514.png 768w, https:\/\/www.pkfeyerabend.org\/wp-content\/uploads\/2024\/09\/Ahmed-al-Madhoun-et-Yusuf-Zeino-300x201.png 300w, https:\/\/www.pkfeyerabend.org\/wp-content\/uploads\/2024\/09\/Ahmed-al-Madhoun-et-Yusuf-Zeino.png 772w\" sizes=\"(max-width: 768px) 100vw, 768px\" \/><\/a><\/p>\n<p>D\u00e8s que l\u2019ambulance et les deux ambulanciers \u00e0 bord -Yusuf Zeino et Ahmed al-Madhoun-\u00a0arrivent sur les lieux, les Isra\u00e9liens les prennent pour cible avec des viseurs laser\u2026 tandis que Hind continue \u00e0 demander \u00ab\u00a0Venez et emmenez-moi&#8230;\u00a0\u00bb. \u00a0L&rsquo;ambulance tente alors de se rapprocher, lentement et prudemment&#8230; mais des coups de feu et des explosions \u00e9clatent.\u00a0Ahmed al-Madhoun et Yusuf Zeino\u00a0sont tu\u00e9s par un tir de char qui explose compl\u00e8tement leur ambulance. Hind Rajab\u00a0est tu\u00e9e par une derni\u00e8re rafale de mitrailleuse.<\/p>\n<p>Compte tenu de la port\u00e9e et de l&rsquo;ampleur de la collecte de renseignements isra\u00e9liens \u00e0 Gaza, il ne fait aucun doute que l&rsquo;arm\u00e9e isra\u00e9lienne surveillait les t\u00e9l\u00e9phones utilis\u00e9s par Hind, les ambulanciers et les fonctionnaires Gazaouis. Ils ont entendu les appels \u00e0 l&rsquo;aide de la jeune Hind. Ils ont entendu les sauveteurs arriver sur les lieux. Et ils les ont tous assassin\u00e9s de sang-froid. C\u2019est donc ici l&rsquo;histoire de personnes dont l&#8217;empathie \u00e9tait trop forte pour laisser une enfant seule et d&rsquo;autres dont la haine \u00e9tait trop forte pour les emp\u00eacher d&rsquo;appuyer sur la g\u00e2chette.\u00a0 (Voir: Meg Kelly, Hajar Harb, Louise Loveluck, Miriam Berger et Cate Brown. \u00ab\u00a0Des secouristes palestiniens ont d\u00e9clar\u00e9 qu&rsquo;Isra\u00ebl leur avait donn\u00e9 un passage s\u00fbr pour sauver une fillette de 6 ans \u00e0 Gaza. Ils ont tous \u00e9t\u00e9 tu\u00e9s\u00a0\u00bb. Washington Post, 16 avril 2024. <a href=\"https:\/\/www.washingtonpost.com\/world\/interactive\/2024\/hind-rajab-israel-gaza-killing-timeline\/\"><u>https:\/\/www.washingtonpost.com\/world\/interactive\/2024\/hind-rajab-israel-gaza-killing-timeline\/<\/u><\/a>\u00a0)<\/p>\n<p>\n\t\t\t<div id='gallery-2917-1' class='gallery gallery-2917'>\n\t\t\t\t<div class='gallery-row gallery-col-3 gallery-clear'>\n\t\t\t\t\t<figure class='gallery-item col-3'>\n\t\t\t\t\t\t<div class='gallery-icon '><a href='https:\/\/www.pkfeyerabend.org\/wp-content\/uploads\/2024\/09\/1.-MAIN-PICTURE.jpeg'><img width=\"150\" height=\"150\" src=\"https:\/\/www.pkfeyerabend.org\/wp-content\/uploads\/2024\/09\/1.-MAIN-PICTURE-150x150.jpeg\" class=\"attachment-thumbnail size-thumbnail\" alt=\"\" decoding=\"async\" loading=\"lazy\" \/><\/a><\/div>\n\t\t\t\t\t<\/figure>\n\t\t\t\t\t<figure class='gallery-item col-3'>\n\t\t\t\t\t\t<div class='gallery-icon '><a href='https:\/\/www.pkfeyerabend.org\/wp-content\/uploads\/2024\/09\/Madleen-sur-le-port.png'><img width=\"150\" height=\"150\" src=\"https:\/\/www.pkfeyerabend.org\/wp-content\/uploads\/2024\/09\/Madleen-sur-le-port-150x150.png\" class=\"attachment-thumbnail size-thumbnail\" alt=\"\" decoding=\"async\" loading=\"lazy\" \/><\/a><\/div>\n\t\t\t\t\t<\/figure>\n\t\t\t\t\t<figure class='gallery-item col-3'>\n\t\t\t\t\t\t<div class='gallery-icon '><a href='https:\/\/www.pkfeyerabend.org\/wp-content\/uploads\/2024\/09\/Madleen-Kulab-message-aux-Hommes-libres-6-mars-2024-plage-de-Rafah.png'><img width=\"150\" height=\"150\" src=\"https:\/\/www.pkfeyerabend.org\/wp-content\/uploads\/2024\/09\/Madleen-Kulab-message-aux-Hommes-libres-6-mars-2024-plage-de-Rafah-150x150.png\" class=\"attachment-thumbnail size-thumbnail\" alt=\"\" decoding=\"async\" loading=\"lazy\" \/><\/a><\/div>\n\t\t\t\t\t<\/figure>\n\t\t\t\t<\/div>\n\t\t\t\t<div class='gallery-row gallery-col-3 gallery-clear'>\n\t\t\t\t\t<figure class='gallery-item col-3'>\n\t\t\t\t\t\t<div class='gallery-icon '><a href='https:\/\/www.pkfeyerabend.org\/wp-content\/uploads\/2024\/09\/Madleen-interviewee-en-2013.png'><img width=\"150\" height=\"150\" src=\"https:\/\/www.pkfeyerabend.org\/wp-content\/uploads\/2024\/09\/Madleen-interviewee-en-2013-150x150.png\" class=\"attachment-thumbnail size-thumbnail\" alt=\"\" decoding=\"async\" loading=\"lazy\" \/><\/a><\/div>\n\t\t\t\t\t<\/figure>\n\t\t\t\t\t<figure class='gallery-item col-3'>\n\t\t\t\t\t\t<div class='gallery-icon '><a href='https:\/\/www.pkfeyerabend.org\/wp-content\/uploads\/2024\/09\/Madleen-formatrice.png'><img width=\"150\" height=\"150\" src=\"https:\/\/www.pkfeyerabend.org\/wp-content\/uploads\/2024\/09\/Madleen-formatrice-150x150.png\" class=\"attachment-thumbnail size-thumbnail\" alt=\"\" decoding=\"async\" loading=\"lazy\" \/><\/a><\/div>\n\t\t\t\t\t<\/figure>\n\t\t\t\t\t<figure class='gallery-item col-3'>\n\t\t\t\t\t\t<div class='gallery-icon '><a href='https:\/\/www.pkfeyerabend.org\/wp-content\/uploads\/2024\/09\/Madleen-et-sa-famille.jpg'><img width=\"150\" height=\"150\" src=\"https:\/\/www.pkfeyerabend.org\/wp-content\/uploads\/2024\/09\/Madleen-et-sa-famille-150x150.jpg\" class=\"attachment-thumbnail size-thumbnail\" alt=\"\" decoding=\"async\" loading=\"lazy\" \/><\/a><\/div>\n\t\t\t\t\t<\/figure>\n\t\t\t\t<\/div>\n\t\t\t\t<div class='gallery-row gallery-col-3 gallery-clear'>\n\t\t\t\t\t<figure class='gallery-item col-3'>\n\t\t\t\t\t\t<div class='gallery-icon '><a href='https:\/\/www.pkfeyerabend.org\/wp-content\/uploads\/2024\/09\/Madleen.png'><img width=\"150\" height=\"150\" src=\"https:\/\/www.pkfeyerabend.org\/wp-content\/uploads\/2024\/09\/Madleen-150x150.png\" class=\"attachment-thumbnail size-thumbnail\" alt=\"\" decoding=\"async\" loading=\"lazy\" \/><\/a><\/div>\n\t\t\t\t\t<\/figure>\n\t\t\t\t\t<figure class='gallery-item col-3'>\n\t\t\t\t\t\t<div class='gallery-icon '><a href='https:\/\/www.pkfeyerabend.org\/wp-content\/uploads\/2024\/09\/Ahmed-al-Madhoun-et-Yusuf-Zeino.png'><img width=\"150\" height=\"150\" src=\"https:\/\/www.pkfeyerabend.org\/wp-content\/uploads\/2024\/09\/Ahmed-al-Madhoun-et-Yusuf-Zeino-150x150.png\" class=\"attachment-thumbnail size-thumbnail\" alt=\"\" decoding=\"async\" loading=\"lazy\" \/><\/a><\/div>\n\t\t\t\t\t<\/figure>\n\t\t\t\t\t<figure class='gallery-item col-3'>\n\t\t\t\t\t\t<div class='gallery-icon '><a href='https:\/\/www.pkfeyerabend.org\/wp-content\/uploads\/2024\/09\/Adnan-Al-Bursh.jpg'><img width=\"150\" height=\"150\" src=\"https:\/\/www.pkfeyerabend.org\/wp-content\/uploads\/2024\/09\/Adnan-Al-Bursh-150x150.jpg\" class=\"attachment-thumbnail size-thumbnail\" alt=\"\" decoding=\"async\" loading=\"lazy\" \/><\/a><\/div>\n\t\t\t\t\t<\/figure>\n\t\t\t\t<\/div>\n\t\t\t\t<div class='gallery-row gallery-col-3 gallery-clear'>\n\t\t\t\t\t<figure class='gallery-item col-3'>\n\t\t\t\t\t\t<div class='gallery-icon '><a href='https:\/\/www.pkfeyerabend.org\/wp-content\/uploads\/2024\/09\/Abu-Amir-Gaza-sous-blocus-A-lecoute-des-agriculteurs-2.jpg'><img width=\"150\" height=\"150\" src=\"https:\/\/www.pkfeyerabend.org\/wp-content\/uploads\/2024\/09\/Abu-Amir-Gaza-sous-blocus-A-lecoute-des-agriculteurs-2-150x150.jpg\" class=\"attachment-thumbnail size-thumbnail\" alt=\"\" decoding=\"async\" loading=\"lazy\" \/><\/a><\/div>\n\t\t\t\t\t<\/figure>\n\t\t\t\t\t<figure class='gallery-item col-3'>\n\t\t\t\t\t\t<div class='gallery-icon '><a href='https:\/\/www.pkfeyerabend.org\/wp-content\/uploads\/2024\/09\/Abu-Amir-Gaza-sous-blocus-A-lecoute-des-agriculteurs-1.jpg'><img width=\"150\" height=\"150\" src=\"https:\/\/www.pkfeyerabend.org\/wp-content\/uploads\/2024\/09\/Abu-Amir-Gaza-sous-blocus-A-lecoute-des-agriculteurs-1-150x150.jpg\" class=\"attachment-thumbnail size-thumbnail\" alt=\"\" decoding=\"async\" loading=\"lazy\" \/><\/a><\/div>\n\t\t\t\t\t<\/figure>\n\t\t\t\t\t<figure class='gallery-item col-3'>\n\t\t\t\t\t\t<div class='gallery-icon '><a href='https:\/\/www.pkfeyerabend.org\/wp-content\/uploads\/2024\/09\/Abu-Amir-Gaza-massacree-repas-campement-paysans-3-juin-2024-1-scaled.jpg'><img width=\"150\" height=\"150\" src=\"https:\/\/www.pkfeyerabend.org\/wp-content\/uploads\/2024\/09\/Abu-Amir-Gaza-massacree-repas-campement-paysans-3-juin-2024-1-150x150.jpg\" class=\"attachment-thumbnail size-thumbnail\" alt=\"\" decoding=\"async\" loading=\"lazy\" \/><\/a><\/div>\n\t\t\t\t\t<\/figure>\n\t\t\t\t<\/div>\n\t\t\t\t<div class='gallery-row gallery-col-3 gallery-clear'>\n\t\t\t\t\t<figure class='gallery-item col-3'>\n\t\t\t\t\t\t<div class='gallery-icon '><a href='https:\/\/www.pkfeyerabend.org\/wp-content\/uploads\/2024\/09\/Abu-Amir-Gaza-massacree-repas-campement-paysans-3-juin-2024-2-scaled.jpg'><img width=\"150\" height=\"150\" src=\"https:\/\/www.pkfeyerabend.org\/wp-content\/uploads\/2024\/09\/Abu-Amir-Gaza-massacree-repas-campement-paysans-3-juin-2024-2-150x150.jpg\" class=\"attachment-thumbnail size-thumbnail\" alt=\"\" decoding=\"async\" loading=\"lazy\" \/><\/a><\/div>\n\t\t\t\t\t<\/figure>\n\t\t\t\t\t<figure class='gallery-item col-3'>\n\t\t\t\t\t\t<div class='gallery-icon '><a href='https:\/\/www.pkfeyerabend.org\/wp-content\/uploads\/2024\/09\/Abu-Amir-Gaza-massacree-nourrir-le-camp-des-paysans-deplaces-19-avril-2024-scaled.jpg'><img width=\"150\" height=\"150\" src=\"https:\/\/www.pkfeyerabend.org\/wp-content\/uploads\/2024\/09\/Abu-Amir-Gaza-massacree-nourrir-le-camp-des-paysans-deplaces-19-avril-2024-150x150.jpg\" class=\"attachment-thumbnail size-thumbnail\" alt=\"\" decoding=\"async\" loading=\"lazy\" \/><\/a><\/div>\n\t\t\t\t\t<\/figure>\n\t\t\t<\/div>\n\t\t\t<\/div><!-- .gallery -->\n<\/p>","protected":false},"excerpt":{"rendered":"<p>Gaza est l&rsquo;une des plus anciennes zones habit\u00e9es du pourtour m\u00e9diterran\u00e9en, dont certains vestiges remontent \u00e0 cinq mill\u00e9naires. Depuis le milieu du si\u00e8cle dernier, cette minuscule bande de terre a accueilli jusqu&rsquo;\u00e0 2,3 millions de Palestiniens, r\u00e9sidents d&rsquo;origine et r\u00e9fugi\u00e9s&#8230;<\/p>\n","protected":false},"author":1,"featured_media":2918,"comment_status":"closed","ping_status":"closed","sticky":false,"template":"","format":"standard","meta":[],"categories":[55],"tags":[],"_links":{"self":[{"href":"https:\/\/www.pkfeyerabend.org\/fr\/wp-json\/wp\/v2\/posts\/2917"}],"collection":[{"href":"https:\/\/www.pkfeyerabend.org\/fr\/wp-json\/wp\/v2\/posts"}],"about":[{"href":"https:\/\/www.pkfeyerabend.org\/fr\/wp-json\/wp\/v2\/types\/post"}],"author":[{"embeddable":true,"href":"https:\/\/www.pkfeyerabend.org\/fr\/wp-json\/wp\/v2\/users\/1"}],"replies":[{"embeddable":true,"href":"https:\/\/www.pkfeyerabend.org\/fr\/wp-json\/wp\/v2\/comments?post=2917"}],"version-history":[{"count":4,"href":"https:\/\/www.pkfeyerabend.org\/fr\/wp-json\/wp\/v2\/posts\/2917\/revisions"}],"predecessor-version":[{"id":2935,"href":"https:\/\/www.pkfeyerabend.org\/fr\/wp-json\/wp\/v2\/posts\/2917\/revisions\/2935"}],"wp:featuredmedia":[{"embeddable":true,"href":"https:\/\/www.pkfeyerabend.org\/fr\/wp-json\/wp\/v2\/media\/2918"}],"wp:attachment":[{"href":"https:\/\/www.pkfeyerabend.org\/fr\/wp-json\/wp\/v2\/media?parent=2917"}],"wp:term":[{"taxonomy":"category","embeddable":true,"href":"https:\/\/www.pkfeyerabend.org\/fr\/wp-json\/wp\/v2\/categories?post=2917"},{"taxonomy":"post_tag","embeddable":true,"href":"https:\/\/www.pkfeyerabend.org\/fr\/wp-json\/wp\/v2\/tags?post=2917"}],"curies":[{"name":"wp","href":"https:\/\/api.w.org\/{rel}","templated":true}]}}