{"id":909,"date":"2014-01-16T21:15:15","date_gmt":"2014-01-16T20:15:15","guid":{"rendered":"https:\/\/pkfeyerabend.org\/?p=909"},"modified":"2021-08-03T11:10:48","modified_gmt":"2021-08-03T09:10:48","slug":"les-caisses-communautaires-depargne-et-de-credit-apprendre-ensemble-pour-batir-la-bonne-vie-equateur","status":"publish","type":"post","link":"https:\/\/www.pkfeyerabend.org\/fr\/2014\/01\/16\/les-caisses-communautaires-depargne-et-de-credit-apprendre-ensemble-pour-batir-la-bonne-vie-equateur\/","title":{"rendered":"Les caisses communautaires d\u2019\u00e9pargne et de cr\u00e9dit &#8211; apprendre ensemble pour b\u00e2tir \u00ab\u00a0la bonne vie\u00a0\u00bb (Equateur)"},"content":{"rendered":"<p>Dans le cadre du projet \u00abChemins d&rsquo;apprentissage communautaire\u00a0\u00bb (projet triennal, en cours), un atelier r\u00e9gional a eu lieu en Equateur, pr\u00e8s de la ville de Cuenca, en septembre 2013, r\u00e9unissant plus de vingt participants en provenance du Guatemala, d\u2019El Salvador, de Colombie, d\u2019\u00c9quateur et de Bolivie. L&rsquo;atelier a \u00e9t\u00e9 organis\u00e9 par le P\u00e8re Hernan Rodas (laur\u00e9at PKF 2007) qui s\u2019est inspir\u00e9 de l&rsquo;exp\u00e9rience du \u00ab\u00a0Jardin Azuayo\u00a0\u00bb, une coop\u00e9rative qui soutient des programmes communautaires d\u2019\u00e9pargne et de cr\u00e9dit et obtient des r\u00e9sultats exemplaires en \u00c9quateur.<\/p>\n<p>Le processus d&rsquo;apprentissage s\u2019est appuy\u00e9 sur l&rsquo;exp\u00e9rience pratique des participants et s\u2019est d\u00e9velopp\u00e9 en interaction directe avec des personnes et des communaut\u00e9s qui ont r\u00e9ussi \u00e0 s\u2019organiser pour cr\u00e9er une \u00e9conomie solidaire locale. Le contr\u00f4le local du capital (en provenance de l\u2019\u00e9pargne de la communaut\u00e9) peut \u00eatre un outil puissant et fournir des alternatives \u00e0 l\u2019\u00e9migration et \u00e0 la mis\u00e8re dans les soci\u00e9t\u00e9s o\u00f9 l&rsquo;acc\u00e8s au capital est limit\u00e9 et strictement contr\u00f4l\u00e9. Cependant, pour qu\u2019une \u00ab \u00e9conomie solidaire\u00bb marche, il est essentiel qu&rsquo;un petit groupe de personnes prenne l&rsquo;initiative et nourrisse un processus local qui ne peut \u00eatre fond\u00e9 que sur la confiance mutuelle et la bonne volont\u00e9. L&rsquo;atelier a d\u00e9bouch\u00e9 sur une d\u00e9claration commune et un ensemble de r\u00e9flexions sign\u00e9es par tous les participants (ci-joint en espagnol). Les participants ont \u00e9galement discut\u00e9 et comment\u00e9 un document \u00e9volutif de Lignes directrices pour les communaut\u00e9s d\u00e9sireuses de d\u00e9velopper leurs propres caisses communautaires d&rsquo;\u00e9pargne et de cr\u00e9dit.<\/p>\n<p>Fichiers \u00e0 t\u00e9l\u00e9charger :<\/p>\n<ul>\n<li><a href=\"https:\/\/pkfeyerabend.org\/wp-content\/uploads\/2014\/01\/ALGUNAS-REFLEXIONES-EN-TORNO-A-LAS-CAJAS-COMUNITARIAS-GRAZIA.docx\">Algunas reflexiones en torno a las cajas communitarias<\/a><\/li>\n<li><a href=\"https:\/\/pkfeyerabend.org\/wp-content\/uploads\/2014\/01\/Declaracio\u0301n-Economi\u0301a-Solidaria.docx\">Declaracion Economia Solidaria<\/a><\/li>\n<\/ul>\n<p><span lang=\"es\">Voir aussi : <a href=\"https:\/\/www.pkfeyerabend.org\/en\/2014\/01\/16\/les-caisses-communautaires-depargne-et-de-credit-apprendre-ensemble-pour-batir-la-bonne-vie-equateur\/\">https:\/\/www.pkfeyerabend.org\/en\/2014\/01\/16\/les-caisses-communautaires-depargne-et-de-credit-apprendre-ensemble-pour-batir-la-bonne-vie-equateur\/<\/a><\/span><\/p>\n<p>\n\t\t\t<div id='gallery-909-1' class='gallery gallery-909'>\n\t\t\t\t<div class='gallery-row gallery-col-3 gallery-clear'>\n\t\t\t\t\t<figure class='gallery-item col-3'>\n\t\t\t\t\t\t<div class='gallery-icon '><a href='https:\/\/www.pkfeyerabend.org\/wp-content\/uploads\/2014\/01\/2-bienvenida.jpg'><img width=\"150\" height=\"150\" src=\"https:\/\/www.pkfeyerabend.org\/wp-content\/uploads\/2014\/01\/2-bienvenida-150x150.jpg\" class=\"attachment-thumbnail size-thumbnail\" alt=\"\" decoding=\"async\" loading=\"lazy\" \/><\/a><\/div>\n\t\t\t\t\t<\/figure>\n\t\t\t\t\t<figure class='gallery-item col-3'>\n\t\t\t\t\t\t<div class='gallery-icon '><a href='https:\/\/www.pkfeyerabend.org\/wp-content\/uploads\/2014\/01\/2-curso-de-Septiembre.jpg'><img width=\"150\" height=\"150\" src=\"https:\/\/www.pkfeyerabend.org\/wp-content\/uploads\/2014\/01\/2-curso-de-Septiembre-150x150.jpg\" class=\"attachment-thumbnail size-thumbnail\" alt=\"\" decoding=\"async\" loading=\"lazy\" \/><\/a><\/div>\n\t\t\t\t\t<\/figure>\n\t\t\t\t\t<figure class='gallery-item col-3'>\n\t\t\t\t\t\t<div class='gallery-icon '><a href='https:\/\/www.pkfeyerabend.org\/wp-content\/uploads\/2014\/01\/4-questiones.jpg'><img width=\"150\" height=\"150\" src=\"https:\/\/www.pkfeyerabend.org\/wp-content\/uploads\/2014\/01\/4-questiones-150x150.jpg\" class=\"attachment-thumbnail size-thumbnail\" alt=\"\" decoding=\"async\" loading=\"lazy\" \/><\/a><\/div>\n\t\t\t\t\t<\/figure>\n\t\t\t\t<\/div>\n\t\t\t\t<div class='gallery-row gallery-col-3 gallery-clear'>\n\t\t\t\t\t<figure class='gallery-item col-3'>\n\t\t\t\t\t\t<div class='gallery-icon '><a href='https:\/\/www.pkfeyerabend.org\/wp-content\/uploads\/2014\/01\/5-grupos.jpg'><img width=\"150\" height=\"150\" src=\"https:\/\/www.pkfeyerabend.org\/wp-content\/uploads\/2014\/01\/5-grupos-150x150.jpg\" class=\"attachment-thumbnail size-thumbnail\" alt=\"\" decoding=\"async\" loading=\"lazy\" \/><\/a><\/div>\n\t\t\t\t\t<\/figure>\n\t\t\t\t\t<figure class='gallery-item col-3'>\n\t\t\t\t\t\t<div class='gallery-icon '><a href='https:\/\/www.pkfeyerabend.org\/wp-content\/uploads\/2014\/01\/6-pintando..jpg'><img width=\"150\" height=\"150\" src=\"https:\/\/www.pkfeyerabend.org\/wp-content\/uploads\/2014\/01\/6-pintando.-150x150.jpg\" class=\"attachment-thumbnail size-thumbnail\" alt=\"\" decoding=\"async\" loading=\"lazy\" \/><\/a><\/div>\n\t\t\t\t\t<\/figure>\n\t\t\t\t\t<figure class='gallery-item col-3'>\n\t\t\t\t\t\t<div class='gallery-icon '><a href='https:\/\/www.pkfeyerabend.org\/wp-content\/uploads\/2014\/01\/8-diplomas.jpg'><img width=\"150\" height=\"150\" src=\"https:\/\/www.pkfeyerabend.org\/wp-content\/uploads\/2014\/01\/8-diplomas-150x150.jpg\" class=\"attachment-thumbnail size-thumbnail\" alt=\"\" decoding=\"async\" loading=\"lazy\" \/><\/a><\/div>\n\t\t\t\t\t<\/figure>\n\t\t\t\t<\/div>\n\t\t\t<\/div><!-- .gallery -->\n<\/p>","protected":false},"excerpt":{"rendered":"<p>Dans le cadre du projet \u00abChemins d&rsquo;apprentissage communautaire\u00a0\u00bb (projet triennal, en cours), un atelier r\u00e9gional a eu lieu en Equateur, pr\u00e8s de la ville de Cuenca, en septembre 2013, r\u00e9unissant plus de vingt participants en provenance du Guatemala, d\u2019El Salvador,&#8230;<\/p>\n","protected":false},"author":1,"featured_media":913,"comment_status":"open","ping_status":"open","sticky":false,"template":"","format":"standard","meta":[],"categories":[31,47],"tags":[],"_links":{"self":[{"href":"https:\/\/www.pkfeyerabend.org\/fr\/wp-json\/wp\/v2\/posts\/909"}],"collection":[{"href":"https:\/\/www.pkfeyerabend.org\/fr\/wp-json\/wp\/v2\/posts"}],"about":[{"href":"https:\/\/www.pkfeyerabend.org\/fr\/wp-json\/wp\/v2\/types\/post"}],"author":[{"embeddable":true,"href":"https:\/\/www.pkfeyerabend.org\/fr\/wp-json\/wp\/v2\/users\/1"}],"replies":[{"embeddable":true,"href":"https:\/\/www.pkfeyerabend.org\/fr\/wp-json\/wp\/v2\/comments?post=909"}],"version-history":[{"count":4,"href":"https:\/\/www.pkfeyerabend.org\/fr\/wp-json\/wp\/v2\/posts\/909\/revisions"}],"predecessor-version":[{"id":1724,"href":"https:\/\/www.pkfeyerabend.org\/fr\/wp-json\/wp\/v2\/posts\/909\/revisions\/1724"}],"wp:featuredmedia":[{"embeddable":true,"href":"https:\/\/www.pkfeyerabend.org\/fr\/wp-json\/wp\/v2\/media\/913"}],"wp:attachment":[{"href":"https:\/\/www.pkfeyerabend.org\/fr\/wp-json\/wp\/v2\/media?parent=909"}],"wp:term":[{"taxonomy":"category","embeddable":true,"href":"https:\/\/www.pkfeyerabend.org\/fr\/wp-json\/wp\/v2\/categories?post=909"},{"taxonomy":"post_tag","embeddable":true,"href":"https:\/\/www.pkfeyerabend.org\/fr\/wp-json\/wp\/v2\/tags?post=909"}],"curies":[{"name":"wp","href":"https:\/\/api.w.org\/{rel}","templated":true}]}}