{"id":992,"date":"2014-09-05T10:36:13","date_gmt":"2014-09-05T08:36:13","guid":{"rendered":"https:\/\/pkfeyerabend.org\/?p=992"},"modified":"2021-08-03T11:10:03","modified_gmt":"2021-08-03T09:10:03","slug":"controle-et-administration-des-ressources-minerales-dans-un-territoire-indigene-bolivie","status":"publish","type":"post","link":"https:\/\/www.pkfeyerabend.org\/fr\/2014\/09\/05\/controle-et-administration-des-ressources-minerales-dans-un-territoire-indigene-bolivie\/","title":{"rendered":"Contr\u00f4le et administration des ressources min\u00e9rales dans un territoire indig\u00e8ne &#8211; Bolivie"},"content":{"rendered":"<p><\/p>\n<p>Le peuple autochtone de Leco de Apolo, reconstitu\u00e9 en 1996, fonda l&rsquo;Organisation du peuple autochtone de Leco de Apolo (CIPLA) en 1997. Cipla repr\u00e9sente 21 communaut\u00e9s et une population d\u2019environ 4000 habitants. En 1997, ils demandent au gouvernement bolivien l\u2019attribution de droits collectifs sur leurs zones traditionnelles d&rsquo;occupation. Comme une grande partie de leur territoire chevauche le parc national Madidi, le territoire Leco et la zone prot\u00e9g\u00e9e ont, dans une large mesure, un int\u00e9r\u00eat commun pour repousser les menaces qui p\u00e8sent sur la r\u00e9gion. <\/p>\n<p>L\u2019une des menaces majeures est le potentiel d&rsquo;exploration et d&rsquo;exploitation des hydrocarbures, un sujet qui a \u00e9t\u00e9 abord\u00e9 dans un projet ant\u00e9rieur maintenant achev\u00e9 avec le soutien de la Fondation PKF. Plus r\u00e9cemment, l&rsquo;augmentation constante de l\u2019exploitation des mines d&rsquo;or a eu des impacts n\u00e9gatifs importants sur d\u2019autres peuples autochtones. Le nouveau soutien de la Fondation PKF vise \u00e0 renforcer les capacit\u00e9s de contr\u00f4le et de gouvernance de CIPLA et de ses communaut\u00e9s pour g\u00e9rer et r\u00e9glementer de fa\u00e7on appropri\u00e9e l&rsquo;acc\u00e8s aux ressources min\u00e9rales sur le territoire et leur exploitation dans le cadre du plan de vie et du zonage des peuples autochtones de Leco de Apolo.<\/p>\n\n\t\t\t<div id='gallery-992-1' class='gallery gallery-992'>\n\t\t\t\t<div class='gallery-row gallery-col-3 gallery-clear'>\n\t\t\t\t\t<figure class='gallery-item col-3'>\n\t\t\t\t\t\t<div class='gallery-icon '><a href='https:\/\/www.pkfeyerabend.org\/wp-content\/uploads\/2014\/09\/Arbre.jpg'><img width=\"150\" height=\"150\" src=\"https:\/\/www.pkfeyerabend.org\/wp-content\/uploads\/2014\/09\/Arbre-150x150.jpg\" class=\"attachment-thumbnail size-thumbnail\" alt=\"\" decoding=\"async\" loading=\"lazy\" \/><\/a><\/div>\n\t\t\t\t\t<\/figure>\n\t\t\t\t\t<figure class='gallery-item col-3'>\n\t\t\t\t\t\t<div class='gallery-icon '><a href='https:\/\/www.pkfeyerabend.org\/wp-content\/uploads\/2014\/09\/Garc\u0327on-et-poisson.jpg'><img width=\"150\" height=\"150\" src=\"https:\/\/www.pkfeyerabend.org\/wp-content\/uploads\/2014\/09\/Garc\u0327on-et-poisson-150x150.jpg\" class=\"attachment-thumbnail size-thumbnail\" alt=\"\" decoding=\"async\" loading=\"lazy\" \/><\/a><\/div>\n\t\t\t\t\t<\/figure>\n\t\t\t\t\t<figure class='gallery-item col-3'>\n\t\t\t\t\t\t<div class='gallery-icon '><a href='https:\/\/www.pkfeyerabend.org\/wp-content\/uploads\/2014\/09\/Montagnes.jpg'><img width=\"150\" height=\"150\" src=\"https:\/\/www.pkfeyerabend.org\/wp-content\/uploads\/2014\/09\/Montagnes-150x150.jpg\" class=\"attachment-thumbnail size-thumbnail\" alt=\"\" decoding=\"async\" loading=\"lazy\" \/><\/a><\/div>\n\t\t\t\t\t<\/figure>\n\t\t\t\t<\/div>\n\t\t\t\t<div class='gallery-row gallery-col-3 gallery-clear'>\n\t\t\t\t\t<figure class='gallery-item col-3'>\n\t\t\t\t\t\t<div class='gallery-icon '><a href='https:\/\/www.pkfeyerabend.org\/wp-content\/uploads\/2014\/09\/Picture1.jpg'><img width=\"150\" height=\"150\" src=\"https:\/\/www.pkfeyerabend.org\/wp-content\/uploads\/2014\/09\/Picture1-150x150.jpg\" class=\"attachment-thumbnail size-thumbnail\" alt=\"\" decoding=\"async\" loading=\"lazy\" \/><\/a><\/div>\n\t\t\t\t\t<\/figure>\n\t\t\t\t\t<figure class='gallery-item col-3'>\n\t\t\t\t\t\t<div class='gallery-icon '><a href='https:\/\/www.pkfeyerabend.org\/wp-content\/uploads\/2014\/09\/Picture2.jpg'><img width=\"150\" height=\"150\" src=\"https:\/\/www.pkfeyerabend.org\/wp-content\/uploads\/2014\/09\/Picture2-150x150.jpg\" class=\"attachment-thumbnail size-thumbnail\" alt=\"\" decoding=\"async\" loading=\"lazy\" \/><\/a><\/div>\n\t\t\t\t\t<\/figure>\n\t\t\t\t\t<figure class='gallery-item col-3'>\n\t\t\t\t\t\t<div class='gallery-icon '><a href='https:\/\/www.pkfeyerabend.org\/wp-content\/uploads\/2014\/09\/Picture5.jpg'><img width=\"150\" height=\"150\" src=\"https:\/\/www.pkfeyerabend.org\/wp-content\/uploads\/2014\/09\/Picture5-150x150.jpg\" class=\"attachment-thumbnail size-thumbnail\" alt=\"\" decoding=\"async\" loading=\"lazy\" \/><\/a><\/div>\n\t\t\t\t\t<\/figure>\n\t\t\t\t<\/div>\n\t\t\t<\/div><!-- .gallery -->\n\n<p><\/p>","protected":false},"excerpt":{"rendered":"<p>Le peuple autochtone de Leco de Apolo, reconstitu\u00e9 en 1996, fonda l&rsquo;Organisation du peuple autochtone de Leco de Apolo (CIPLA) en 1997. Cipla repr\u00e9sente 21 communaut\u00e9s et une population d\u2019environ 4000 habitants. En 1997, ils demandent au gouvernement bolivien l\u2019attribution&#8230;<\/p>\n","protected":false},"author":1,"featured_media":1040,"comment_status":"open","ping_status":"open","sticky":false,"template":"","format":"standard","meta":[],"categories":[33,47],"tags":[],"_links":{"self":[{"href":"https:\/\/www.pkfeyerabend.org\/fr\/wp-json\/wp\/v2\/posts\/992"}],"collection":[{"href":"https:\/\/www.pkfeyerabend.org\/fr\/wp-json\/wp\/v2\/posts"}],"about":[{"href":"https:\/\/www.pkfeyerabend.org\/fr\/wp-json\/wp\/v2\/types\/post"}],"author":[{"embeddable":true,"href":"https:\/\/www.pkfeyerabend.org\/fr\/wp-json\/wp\/v2\/users\/1"}],"replies":[{"embeddable":true,"href":"https:\/\/www.pkfeyerabend.org\/fr\/wp-json\/wp\/v2\/comments?post=992"}],"version-history":[{"count":3,"href":"https:\/\/www.pkfeyerabend.org\/fr\/wp-json\/wp\/v2\/posts\/992\/revisions"}],"predecessor-version":[{"id":1043,"href":"https:\/\/www.pkfeyerabend.org\/fr\/wp-json\/wp\/v2\/posts\/992\/revisions\/1043"}],"wp:featuredmedia":[{"embeddable":true,"href":"https:\/\/www.pkfeyerabend.org\/fr\/wp-json\/wp\/v2\/media\/1040"}],"wp:attachment":[{"href":"https:\/\/www.pkfeyerabend.org\/fr\/wp-json\/wp\/v2\/media?parent=992"}],"wp:term":[{"taxonomy":"category","embeddable":true,"href":"https:\/\/www.pkfeyerabend.org\/fr\/wp-json\/wp\/v2\/categories?post=992"},{"taxonomy":"post_tag","embeddable":true,"href":"https:\/\/www.pkfeyerabend.org\/fr\/wp-json\/wp\/v2\/tags?post=992"}],"curies":[{"name":"wp","href":"https:\/\/api.w.org\/{rel}","templated":true}]}}